{"id":15102,"date":"2019-03-13T14:01:22","date_gmt":"2019-03-13T11:01:22","guid":{"rendered":"https:\/\/www.primariarovinari.ro\/?p=15102"},"modified":"2019-03-13T15:05:23","modified_gmt":"2019-03-13T12:05:23","slug":"15102","status":"publish","type":"post","link":"https:\/\/primariarovinari.ro\/old\/2019\/03\/15102\/","title":{"rendered":""},"content":{"rendered":"<p>Prim\u0103ria Ora\u0219ului Rovinari informeaz\u0103 cet\u0103\u021benii c\u0103 a fost demarat\u0103 o ampl\u0103 ac\u021biune de identificare a persoanelor care \u00ee\u0219i las\u0103 ma\u0219inile \u00een parc\u0103rile de re\u0219edin\u021b\u0103 ce apar\u021bin altor locuitori ai ora\u0219ului, ori pe locuri libere, ce nu au fost repartizate. &nbsp;Ace\u0219tia se vor alege cu blocarea autovehiculelor parcate neregulamentar \u0219i vor fi sanc\u021biona\u021bi contraven\u021bional. Conform Hot\u0103r\u00e2rii Consiliului Local Rovinari,&nbsp; nr.91\/2013, ocuparea unui loc de parcare f\u0103r\u0103 contract de \u00eenchiriere, constituie contraven\u021bie \u0219i se sanc\u021bioneaz\u0103 cu amend\u0103 cuprins\u0103 \u00eentre 200 \u0219i 1.000 de lei. Pentru a evita eventualele nepl\u0103ceri, v\u0103 rug\u0103m s\u0103 respecta\u021bi legea \u0219i, \u00een cazul \u00een care dori\u021bi un loc de parcare, s\u0103 v\u0103 adresa\u021bi compartimentului Transport- Parc\u0103ri din cadrul Prim\u0103riei Rovinari pentru a-l ob\u021bine. V\u0103 mul\u021bumim.<\/p>\n<p><img loading=\"lazy\" decoding=\"async\" class=\"alignnone wp-image-15103\" src=\"https:\/\/www.primariarovinari.ro\/wp-content\/uploads\/2019\/03\/masini-1-126x168.jpg\" alt=\"\" width=\"275\" height=\"367\" srcset=\"https:\/\/primariarovinari.ro\/old\/wp-content\/uploads\/2019\/03\/masini-1-126x168.jpg 126w, https:\/\/primariarovinari.ro\/old\/wp-content\/uploads\/2019\/03\/masini-1.jpg 390w\" sizes=\"auto, (max-width: 275px) 100vw, 275px\" \/><img loading=\"lazy\" decoding=\"async\" class=\"alignnone wp-image-15105\" src=\"https:\/\/www.primariarovinari.ro\/wp-content\/uploads\/2019\/03\/masini-2-126x168.jpg\" alt=\"\" width=\"275\" height=\"366\" srcset=\"https:\/\/primariarovinari.ro\/old\/wp-content\/uploads\/2019\/03\/masini-2-126x168.jpg 126w, https:\/\/primariarovinari.ro\/old\/wp-content\/uploads\/2019\/03\/masini-2.jpg 390w\" sizes=\"auto, (max-width: 275px) 100vw, 275px\" \/><img loading=\"lazy\" decoding=\"async\" class=\"alignnone wp-image-15104\" src=\"https:\/\/www.primariarovinari.ro\/wp-content\/uploads\/2019\/03\/masina-blocata-2-168x112.jpg\" alt=\"\" width=\"548\" height=\"365\" srcset=\"https:\/\/primariarovinari.ro\/old\/wp-content\/uploads\/2019\/03\/masina-blocata-2-168x112.jpg 168w, https:\/\/primariarovinari.ro\/old\/wp-content\/uploads\/2019\/03\/masina-blocata-2-768x510.jpg 768w, https:\/\/primariarovinari.ro\/old\/wp-content\/uploads\/2019\/03\/masina-blocata-2-1024x680.jpg 1024w, https:\/\/primariarovinari.ro\/old\/wp-content\/uploads\/2019\/03\/masina-blocata-2.jpg 1600w\" sizes=\"auto, (max-width: 548px) 100vw, 548px\" \/><\/p>\n","protected":false},"excerpt":{"rendered":"<p>Prim\u0103ria Ora\u0219ului Rovinari informeaz\u0103 cet\u0103\u021benii c\u0103 a fost demarat\u0103 o ampl\u0103 ac\u021biune de identificare a persoanelor care \u00ee\u0219i las\u0103 ma\u0219inile \u00een parc\u0103rile de re\u0219edin\u021b\u0103 ce apar\u021bin altor locuitori ai ora\u0219ului, ori pe locuri libere, ce nu au fost repartizate. &nbsp;Ace\u0219tia se vor alege cu blocarea autovehiculelor parcate neregulamentar \u0219i vor fi sanc\u021biona\u021bi contraven\u021bional. Conform Hot\u0103r\u00e2rii [&hellip;]<\/p>\n","protected":false},"author":1001008,"featured_media":0,"comment_status":"open","ping_status":"open","sticky":false,"template":"","format":"standard","meta":{"ngg_post_thumbnail":0,"footnotes":""},"categories":[151],"tags":[],"class_list":["post-15102","post","type-post","status-publish","format-standard","hentry","category-informatii-publice"],"_links":{"self":[{"href":"https:\/\/primariarovinari.ro\/old\/wp-json\/wp\/v2\/posts\/15102","targetHints":{"allow":["GET"]}}],"collection":[{"href":"https:\/\/primariarovinari.ro\/old\/wp-json\/wp\/v2\/posts"}],"about":[{"href":"https:\/\/primariarovinari.ro\/old\/wp-json\/wp\/v2\/types\/post"}],"author":[{"embeddable":true,"href":"https:\/\/primariarovinari.ro\/old\/wp-json\/wp\/v2\/users\/1001008"}],"replies":[{"embeddable":true,"href":"https:\/\/primariarovinari.ro\/old\/wp-json\/wp\/v2\/comments?post=15102"}],"version-history":[{"count":0,"href":"https:\/\/primariarovinari.ro\/old\/wp-json\/wp\/v2\/posts\/15102\/revisions"}],"wp:attachment":[{"href":"https:\/\/primariarovinari.ro\/old\/wp-json\/wp\/v2\/media?parent=15102"}],"wp:term":[{"taxonomy":"category","embeddable":true,"href":"https:\/\/primariarovinari.ro\/old\/wp-json\/wp\/v2\/categories?post=15102"},{"taxonomy":"post_tag","embeddable":true,"href":"https:\/\/primariarovinari.ro\/old\/wp-json\/wp\/v2\/tags?post=15102"}],"curies":[{"name":"wp","href":"https:\/\/api.w.org\/{rel}","templated":true}]}}