{"id":15097,"date":"2019-03-11T13:14:26","date_gmt":"2019-03-11T10:14:26","guid":{"rendered":"https:\/\/www.primariarovinari.ro\/?p=15097"},"modified":"2019-03-11T13:14:26","modified_gmt":"2019-03-11T10:14:26","slug":"15097","status":"publish","type":"post","link":"https:\/\/primariarovinari.ro\/old\/2019\/03\/15097\/","title":{"rendered":""},"content":{"rendered":"<p><strong>Vrei un ora\u0219 curat? Vrei s\u0103 fii un exemplu de urmat? Vino al\u0103turi de noi! <\/strong><\/p>\n<p>Vineri, <strong>22 martie, la ora 08:30,<\/strong> ne str\u00e2ngem \u00een fa\u021ba Prim\u0103riei Rovinari pentru a demara o ampl\u0103 ac\u021biune de cur\u0103\u021benie. Astfel, facem apel c\u0103tre cet\u0103\u021benii ora\u0219ului, societ\u0103\u021bile comerciale, institu\u021biile publice, unit\u0103\u021bile de \u00eenv\u0103\u021b\u0103m\u00e2nt, asocia\u021biile de proprietari \u0219i reprezentan\u021bii cultelor, s\u0103 participe al\u0103turi de noi. Vom toaleta \u0219i igieniza copacii, vom cur\u0103\u021ba vegeta\u021bia, vom planta puie\u021bi \u0219i flori \u00een majoritatea zonelor din ora\u0219. De asemenea, ne vom ocupa \u0219i de cur\u0103\u021birea \u0219an\u021burilor, repararea gardurilor, \u00eentre\u021binerea locurilor de joac\u0103 pentru copii, repara\u021bii \u0219i zugr\u0103vire cl\u0103diri \u0219i vom realiza ac\u021biuni de deratizare pentru un mediu s\u0103n\u0103tos.<\/p>\n<p><strong>Rovinari e casa ta! Fii gospodar, nu arunca!<\/strong><\/p>\n<p><img loading=\"lazy\" decoding=\"async\" class=\"wp-image-15098 aligncenter\" src=\"https:\/\/www.primariarovinari.ro\/wp-content\/uploads\/2019\/03\/primarie-1-168x112.jpg\" alt=\"\" width=\"689\" height=\"459\" srcset=\"https:\/\/primariarovinari.ro\/old\/wp-content\/uploads\/2019\/03\/primarie-1-168x112.jpg 168w, https:\/\/primariarovinari.ro\/old\/wp-content\/uploads\/2019\/03\/primarie-1-768x512.jpg 768w, https:\/\/primariarovinari.ro\/old\/wp-content\/uploads\/2019\/03\/primarie-1-1024x683.jpg 1024w, https:\/\/primariarovinari.ro\/old\/wp-content\/uploads\/2019\/03\/primarie-1.jpg 2048w\" sizes=\"auto, (max-width: 689px) 100vw, 689px\" \/><\/p>\n","protected":false},"excerpt":{"rendered":"<p>Vrei un ora\u0219 curat? Vrei s\u0103 fii un exemplu de urmat? Vino al\u0103turi de noi! Vineri, 22 martie, la ora 08:30, ne str\u00e2ngem \u00een fa\u021ba Prim\u0103riei Rovinari pentru a demara o ampl\u0103 ac\u021biune de cur\u0103\u021benie. Astfel, facem apel c\u0103tre cet\u0103\u021benii ora\u0219ului, societ\u0103\u021bile comerciale, institu\u021biile publice, unit\u0103\u021bile de \u00eenv\u0103\u021b\u0103m\u00e2nt, asocia\u021biile de proprietari \u0219i reprezentan\u021bii cultelor, s\u0103 [&hellip;]<\/p>\n","protected":false},"author":1001008,"featured_media":0,"comment_status":"open","ping_status":"open","sticky":false,"template":"","format":"standard","meta":{"ngg_post_thumbnail":0,"footnotes":""},"categories":[151],"tags":[],"class_list":["post-15097","post","type-post","status-publish","format-standard","hentry","category-informatii-publice"],"_links":{"self":[{"href":"https:\/\/primariarovinari.ro\/old\/wp-json\/wp\/v2\/posts\/15097","targetHints":{"allow":["GET"]}}],"collection":[{"href":"https:\/\/primariarovinari.ro\/old\/wp-json\/wp\/v2\/posts"}],"about":[{"href":"https:\/\/primariarovinari.ro\/old\/wp-json\/wp\/v2\/types\/post"}],"author":[{"embeddable":true,"href":"https:\/\/primariarovinari.ro\/old\/wp-json\/wp\/v2\/users\/1001008"}],"replies":[{"embeddable":true,"href":"https:\/\/primariarovinari.ro\/old\/wp-json\/wp\/v2\/comments?post=15097"}],"version-history":[{"count":0,"href":"https:\/\/primariarovinari.ro\/old\/wp-json\/wp\/v2\/posts\/15097\/revisions"}],"wp:attachment":[{"href":"https:\/\/primariarovinari.ro\/old\/wp-json\/wp\/v2\/media?parent=15097"}],"wp:term":[{"taxonomy":"category","embeddable":true,"href":"https:\/\/primariarovinari.ro\/old\/wp-json\/wp\/v2\/categories?post=15097"},{"taxonomy":"post_tag","embeddable":true,"href":"https:\/\/primariarovinari.ro\/old\/wp-json\/wp\/v2\/tags?post=15097"}],"curies":[{"name":"wp","href":"https:\/\/api.w.org\/{rel}","templated":true}]}}