{"id":15058,"date":"2019-02-22T15:19:09","date_gmt":"2019-02-22T12:19:09","guid":{"rendered":"https:\/\/www.primariarovinari.ro\/?p=15058"},"modified":"2019-02-22T15:44:48","modified_gmt":"2019-02-22T12:44:48","slug":"inscrieri-in-clasa-pregatitoare-pengtru-a-nul-scolar-2019-2020-scoala-generala-nr-3-rovinari","status":"publish","type":"post","link":"https:\/\/primariarovinari.ro\/old\/2019\/02\/inscrieri-in-clasa-pregatitoare-pengtru-a-nul-scolar-2019-2020-scoala-generala-nr-3-rovinari\/","title":{"rendered":"\u00censcrieri \u00een clasa preg\u0103titoare pentru anul \u0219colar 2019-2020, \u0218coala General\u0103 Nr. 3 Rovinari"},"content":{"rendered":"<p><img loading=\"lazy\" decoding=\"async\" class=\"wp-image-15060 aligncenter\" src=\"https:\/\/www.primariarovinari.ro\/wp-content\/uploads\/2019\/02\/clasa-pregatitoare-168x112.jpg\" alt=\"\" width=\"543\" height=\"363\" srcset=\"https:\/\/primariarovinari.ro\/old\/wp-content\/uploads\/2019\/02\/clasa-pregatitoare-168x112.jpg 168w, https:\/\/primariarovinari.ro\/old\/wp-content\/uploads\/2019\/02\/clasa-pregatitoare.jpg 275w\" sizes=\"auto, (max-width: 543px) 100vw, 543px\" \/><\/p>\n<p style=\"text-align: center;\">\u00censcrieri clasa preg\u0103titoare 2019!<\/p>\n<p style=\"text-align: center;\">Pe 4 martie \u00eencep \u00eenscrierile \u00een clasa preg\u0103titoare!<\/p>\n<p>Calendarul \u00eenscrierilor \u00een clasa preg\u0103titoare 2019 prevede c\u0103 pe 25 februarie \u0219colile vor face publice la sediile lor circumscrip\u021biile \u0219colare (adic\u0103 str\u0103zile care le sunt arondate), \u00een perioada 26 februarie \u2013 9 martie 2019 \u0219colile organizeaz\u0103 Zilele por\u021bilor deschise, \u00een care pot fi vizitate de p\u0103rin\u021bi, iar p\u00e2n\u0103 pe 22 martie se vor desf\u0103\u0219ura evalu\u0103rile psihosomatice.<\/p>\n<p>&nbsp;<\/p>\n<p><strong>Calendar \u00censcrieri Clasa Preg\u0103titoare 2019<\/strong><\/p>\n<p><strong>Prima etap\u0103 de \u00eenscriere \u00een clasa preg\u0103titoare 2019<\/strong><\/p>\n<ul>\n<li><strong>25 februarie 2019: Circumscrip\u021biile \u0219colare \u0219i num\u0103rul de clase preg\u0103titoare organizate de <\/strong><\/li>\n<\/ul>\n<p><strong>fiecare \u0219coal\u0103<\/strong> sunt publicate la sediile \u0219colilor \u0219i pe site-urile inspectoratelor \u0219colare jude\u021bene; Evaluarea dezvolt\u0103rii psihosomatice \u2013 \u0219colile \u0219i gr\u0103dini\u021bele afi\u0219eaz\u0103 programul evalu\u0103rii;<br \/>\n\u0218colile afi\u0219eaz\u0103 programul de completare a cererilor-tip de \u00eenscriere \u00een \u00eenv\u0103\u021b\u0103m\u00e2ntul primar<\/p>\n<ul>\n<li><strong>26 februarie \u2013 9 martie 2019: Ziua por\u021bilor deschise<\/strong> \u2013 toate \u0219colile organizeaz\u0103 o perioad\u0103<\/li>\n<\/ul>\n<p>\u00een care p\u0103rin\u021bii, copiii \u0219i alte persoane interesate pot s\u0103 viziteze spa\u021biile dedicate activit\u0103\u021bilor claselor preg\u0103titoare \u0219i pot discuta cu \u00eenv\u0103\u021b\u0103toarele<\/p>\n<ul>\n<li><strong>25 februarie \u2013 22 martie 2019: Evaluarea nivelului de dezvoltare psihosomatic\u0103 a copiilor <\/strong><\/li>\n<\/ul>\n<p><strong>care nu \u00eemplinesc 6 ani la data \u00eenceperii \u0219colii<\/strong><\/p>\n<ul>\n<li><strong>4 martie \u2013 22 martie 2019: P\u0103rin\u021bii completeaz\u0103, online sau la \u0219coala la care vor s\u0103 \u00ee\u0219i <\/strong><\/li>\n<\/ul>\n<p><strong>\u00eenscrie copiii, cererile-tip de \u00eenscriere<\/strong>. Tot acum p\u0103rin\u021bii fac \u0219i validarea cererilor-tip de \u00eenscriere la \u0219coal\u0103, zilnic, \u00een intervalul orar <strong>8:00-18:00 (luni-vineri)<\/strong>.<\/p>\n<ul>\n<li><strong>28 martie 2019: Repartizarea la \u0219coala de circumscrip\u021bie a copiilor ai c\u0103ror p\u0103rin\u021bi au <\/strong><\/li>\n<\/ul>\n<p><strong>solicitat \u00eenscrierea la o alt\u0103 unitate de \u00eenv\u0103\u021b\u0103m\u00e2nt dec\u00e2t \u0219coala de circumscrip\u021bie, dar nu au fost admi\u0219i<\/strong> din lips\u0103 de locuri \u0219i care au exprimat \u00een aceast\u0103 faz\u0103 op\u021biunea pentru \u00eenscrierea \u00een \u0219coala de circumscrip\u021bie&nbsp;<\/p>\n<ul>\n<li><strong>29 martie 2019: <\/strong>Afi\u0219area \u00een \u0219coli \u0219i pe site-ul inspectoratului \u0219colar a copiilor<\/li>\n<\/ul>\n<p>\u00eenmatricula\u021bi, a num\u0103rului de locuri r\u0103mase libere \u0219i a listei copiilor ne\u00eenscri\u0219i dup\u0103 prima etap\u0103.<\/p>\n<p>&nbsp;<\/p>\n<p><strong>A doua etap\u0103 de \u00eenscriere \u00een clasa preg\u0103titoare 2019<\/strong><\/p>\n<ul>\n<li>1 aprilie 2019: Afi\u0219area la sediul \u0219colilor \u0219i pe site-ul inspectoratului \u0219colar a procedurii<\/li>\n<\/ul>\n<p>specifice de repartizare a copiilor pe locurile disponibile, elaborat\u0103 de inspectoratul \u0219colar<\/p>\n<ul>\n<li>2 aprilie \u2013 8 aprilie 2019: Depunerea cererii-tip de \u00eenscriere la secretariatul \u0219colii aflate pe<\/li>\n<\/ul>\n<p>prima pozi\u021bie dintre cele trei op\u021biuni exprimate pentru etapa a doua, de c\u0103tre p\u0103rin\u021bii copiilor care nu au fost cuprin\u0219i \u00een nicio unitate de \u00eenv\u0103\u021b\u0103m\u00e2nt \u00een etapa anterioar\u0103 sau care nu au participat la prima etap\u0103.<br \/>\nValidarea cererilor-tip de \u00eenscriere la unitatea de \u00eenv\u0103\u021b\u0103m\u00e2nt aflat\u0103 pe prima pozi\u021bie \u00een op\u021biunile privind \u00eenscrierea copiilor.<\/p>\n<ul>\n<li>11 aprilie 2019: Afi\u0219area la fiecare \u0219coal\u0103 a listelor finale cu copiii \u00eenscri\u0219i \u00een clasa<\/li>\n<\/ul>\n<p>preg\u0103titoare<\/p>\n<ul>\n<li>12 aprilie \u2013 19 aprilie 2019&nbsp;Centralizarea \u0219i solu\u021bionarea de c\u0103tre inspectoratul \u0219colar a<\/li>\n<\/ul>\n<p>cererilor p\u0103rin\u021bilor copiilor care nu au fost \u00eenc\u0103 \u00eenscri\u0219i la vreo unitate de \u00eenv\u0103\u021b\u0103m\u00e2nt. Solu\u021bionarea de c\u0103tre inspectoratul \u0219colar a oric\u0103rei alte situa\u021bii referitoare la \u00eenscrierea \u00een \u00eenv\u0103\u021b\u0103m\u00e2ntul primar<\/p>\n<p>&nbsp;<\/p>\n<p><strong>Regulile de \u00eenscriere \u00een clasa preg\u0103titoare 2019<\/strong><\/p>\n<ul>\n<li><strong>P\u0103rin\u021bii cu copii care \u00eemplinesc 6 ani p\u00e2n\u0103 la data de 31 august 2019 inclusiv sunt obliga\u021bi <\/strong><\/li>\n<\/ul>\n<p><strong>s\u0103 \u00ee\u0219i \u00eenscrie copiii \u00een clasa preg\u0103titoare.<\/strong><\/p>\n<ul>\n<li>P\u0103rin\u021bii sau \u00eemputernici\u021bii legali ai copiilor <strong>care \u00eemplinesc v\u00e2rsta de 6 ani \u00een perioada 1 <\/strong><\/li>\n<\/ul>\n<p><strong>septembrie \u2013 31 decembrie 2019<\/strong> pot s\u0103-\u0219i \u00eenscrie copiii \u00een clasa preg\u0103titoare, numai dup\u0103 ce cei mici sus\u021bin <strong>evaluarea psihosomatic\u0103<\/strong> \u0219i dac\u0103 dezvoltarea lor psihosomatic\u0103 este corespunz\u0103toare.<\/p>\n<ul>\n<li>P\u0103rin\u021bii copiilor care fac 6 ani \u00een perioada 1 septembrie \u2013 31 decembrie 2019, care nu<\/li>\n<\/ul>\n<p>opteaz\u0103 pentru \u00eenscrierea copiilor \u00een clasa preg\u0103titoare \u00een anul \u0219colar 2019-2020 sau pentru care evaluarea psihosomatic\u0103 arat\u0103 c\u0103 nu pot parcurge cu succes clasa preg\u0103titoare \u00ee\u0219i vor \u00eenscrie copiii la <strong>gr\u0103dini\u021b\u0103, \u00een grupa mare<\/strong>.&nbsp;<\/p>\n<p style=\"text-align: center;\">Stimati&nbsp; p\u0103rin\u021bi, dragi copii,<\/p>\n<p style=\"text-align: center;\">V\u0103 a\u0219tept\u0103m vineri, 01.03.2019, \u00eencep\u00e2nd cu ora 10.00 la<\/p>\n<p style=\"text-align: center;\"><strong>\u0218coala Gimnazial\u0103 Nr.3 Rovinari <\/strong><\/p>\n<p style=\"text-align: center;\">pentru a participa la <strong>ZIUA PORTILOR DESCHISE<\/strong>,<\/p>\n<p style=\"text-align: center;\">cu MAREA TOMBOL\u0102 \u0219i activit\u0103\u021bile preg\u0103tite cu mult drag!<\/p>\n<p>&nbsp;<\/p>\n<p><a href=\"https:\/\/www.primariarovinari.ro\/wp-content\/uploads\/2019\/02\/pliant_clasa-preg\u0103titoare-2.docx\">pliant_clasa-preg\u0103titoare (2)<\/a><\/p>\n","protected":false},"excerpt":{"rendered":"<p>\u00censcrieri clasa preg\u0103titoare 2019! Pe 4 martie \u00eencep \u00eenscrierile \u00een clasa preg\u0103titoare! Calendarul \u00eenscrierilor \u00een clasa preg\u0103titoare 2019 prevede c\u0103 pe 25 februarie \u0219colile vor face publice la sediile lor circumscrip\u021biile \u0219colare (adic\u0103 str\u0103zile care le sunt arondate), \u00een perioada 26 februarie \u2013 9 martie 2019 \u0219colile organizeaz\u0103 Zilele por\u021bilor deschise, \u00een care pot fi [&hellip;]<\/p>\n","protected":false},"author":1001008,"featured_media":0,"comment_status":"open","ping_status":"open","sticky":false,"template":"","format":"standard","meta":{"ngg_post_thumbnail":0,"footnotes":""},"categories":[13],"tags":[],"class_list":["post-15058","post","type-post","status-publish","format-standard","hentry","category-invatamant"],"_links":{"self":[{"href":"https:\/\/primariarovinari.ro\/old\/wp-json\/wp\/v2\/posts\/15058","targetHints":{"allow":["GET"]}}],"collection":[{"href":"https:\/\/primariarovinari.ro\/old\/wp-json\/wp\/v2\/posts"}],"about":[{"href":"https:\/\/primariarovinari.ro\/old\/wp-json\/wp\/v2\/types\/post"}],"author":[{"embeddable":true,"href":"https:\/\/primariarovinari.ro\/old\/wp-json\/wp\/v2\/users\/1001008"}],"replies":[{"embeddable":true,"href":"https:\/\/primariarovinari.ro\/old\/wp-json\/wp\/v2\/comments?post=15058"}],"version-history":[{"count":0,"href":"https:\/\/primariarovinari.ro\/old\/wp-json\/wp\/v2\/posts\/15058\/revisions"}],"wp:attachment":[{"href":"https:\/\/primariarovinari.ro\/old\/wp-json\/wp\/v2\/media?parent=15058"}],"wp:term":[{"taxonomy":"category","embeddable":true,"href":"https:\/\/primariarovinari.ro\/old\/wp-json\/wp\/v2\/categories?post=15058"},{"taxonomy":"post_tag","embeddable":true,"href":"https:\/\/primariarovinari.ro\/old\/wp-json\/wp\/v2\/tags?post=15058"}],"curies":[{"name":"wp","href":"https:\/\/api.w.org\/{rel}","templated":true}]}}