{"id":15051,"date":"2019-02-21T11:42:43","date_gmt":"2019-02-21T08:42:43","guid":{"rendered":"https:\/\/www.primariarovinari.ro\/?p=15051"},"modified":"2019-02-21T14:22:05","modified_gmt":"2019-02-21T11:22:05","slug":"15051","status":"publish","type":"post","link":"https:\/\/primariarovinari.ro\/old\/2019\/02\/15051\/","title":{"rendered":""},"content":{"rendered":"<p>Dragobetele aduce un nou prilej pentru locuitorii ora\u0219ului Rovinari de a petrece rom\u00e2ne\u0219te, \u0219i nu oricum. \u0218i \u00een acest an am pus la cale o serie de manifest\u0103ri pentru s\u0103rb\u0103toarea autohton\u0103 a iubirii. A\u0219adar, vineri, 22 februarie, cu \u00eencepere de la ora 16:00, Prim\u0103ria Rovinari, cu sprijinul Casei de Cultur\u0103 \u0219i Bibliotecii Rovinari, \u00eei invit\u0103 pe to\u021bi cei care pre\u021buiesc tradi\u021biile, la distrac\u021bie \u0219i o por\u021bie de&#8230;..iubire. Atmosfera va fi \u00eentre\u021binut\u0103 de Emma de la Radio ZU, iar Tavi Colen va sus\u021bine un concert pentru \u00eendr\u0103gosti\u021bi. De asemenea, vor avea loc o serie de concursuri pentru cupluri, iar Ansamblul \u201dJiule\u021bul\u201d la va oferi rovin\u0103renilor un spectacol de dansuri \u0219i muzic\u0103 u\u0219oar\u0103. Manifest\u0103rile vor avea loc \u00een sala de sport de pe Bulevardul Minerilor. V\u0103 a\u0219tept\u0103m cu drag!<\/p>\n<p><img loading=\"lazy\" decoding=\"async\" class=\"alignnone wp-image-15052\" src=\"https:\/\/www.primariarovinari.ro\/wp-content\/uploads\/2019\/02\/tavi-168x163.jpg\" alt=\"\" width=\"654\" height=\"634\" srcset=\"https:\/\/primariarovinari.ro\/old\/wp-content\/uploads\/2019\/02\/tavi-168x163.jpg 168w, https:\/\/primariarovinari.ro\/old\/wp-content\/uploads\/2019\/02\/tavi.jpg 550w\" sizes=\"auto, (max-width: 654px) 100vw, 654px\" \/><\/p>\n","protected":false},"excerpt":{"rendered":"<p>Dragobetele aduce un nou prilej pentru locuitorii ora\u0219ului Rovinari de a petrece rom\u00e2ne\u0219te, \u0219i nu oricum. \u0218i \u00een acest an am pus la cale o serie de manifest\u0103ri pentru s\u0103rb\u0103toarea autohton\u0103 a iubirii. A\u0219adar, vineri, 22 februarie, cu \u00eencepere de la ora 16:00, Prim\u0103ria Rovinari, cu sprijinul Casei de Cultur\u0103 \u0219i Bibliotecii Rovinari, \u00eei invit\u0103 [&hellip;]<\/p>\n","protected":false},"author":1001008,"featured_media":0,"comment_status":"open","ping_status":"open","sticky":false,"template":"","format":"standard","meta":{"ngg_post_thumbnail":0,"footnotes":""},"categories":[1,151],"tags":[],"class_list":["post-15051","post","type-post","status-publish","format-standard","hentry","category-altele","category-informatii-publice"],"_links":{"self":[{"href":"https:\/\/primariarovinari.ro\/old\/wp-json\/wp\/v2\/posts\/15051","targetHints":{"allow":["GET"]}}],"collection":[{"href":"https:\/\/primariarovinari.ro\/old\/wp-json\/wp\/v2\/posts"}],"about":[{"href":"https:\/\/primariarovinari.ro\/old\/wp-json\/wp\/v2\/types\/post"}],"author":[{"embeddable":true,"href":"https:\/\/primariarovinari.ro\/old\/wp-json\/wp\/v2\/users\/1001008"}],"replies":[{"embeddable":true,"href":"https:\/\/primariarovinari.ro\/old\/wp-json\/wp\/v2\/comments?post=15051"}],"version-history":[{"count":0,"href":"https:\/\/primariarovinari.ro\/old\/wp-json\/wp\/v2\/posts\/15051\/revisions"}],"wp:attachment":[{"href":"https:\/\/primariarovinari.ro\/old\/wp-json\/wp\/v2\/media?parent=15051"}],"wp:term":[{"taxonomy":"category","embeddable":true,"href":"https:\/\/primariarovinari.ro\/old\/wp-json\/wp\/v2\/categories?post=15051"},{"taxonomy":"post_tag","embeddable":true,"href":"https:\/\/primariarovinari.ro\/old\/wp-json\/wp\/v2\/tags?post=15051"}],"curies":[{"name":"wp","href":"https:\/\/api.w.org\/{rel}","templated":true}]}}