{"id":15033,"date":"2019-02-20T12:09:11","date_gmt":"2019-02-20T09:09:11","guid":{"rendered":"https:\/\/www.primariarovinari.ro\/?p=15033"},"modified":"2019-02-20T12:09:11","modified_gmt":"2019-02-20T09:09:11","slug":"15033","status":"publish","type":"post","link":"https:\/\/primariarovinari.ro\/old\/2019\/02\/15033\/","title":{"rendered":""},"content":{"rendered":"<p>Vrei s\u0103 ai parte? Deschide o carte! <img decoding=\"async\" class=\"_1ift _2560 img\" src=\"https:\/\/static.xx.fbcdn.net\/images\/emoji.php\/v9\/fa5\/1.5\/16\/1f642.png\" alt=\"?\"><br \/>\nNoi, angaja\u021bii Prim\u0103riei Rovinari, am adus azi c\u0103r\u021bi noi \u00een cele dou\u0103 biblioteci \u00een aer liber, din Bulevardul Minerilor \u0219i de l\u00e2ng\u0103 foi\u0219orul din Pia\u021ba Veche!&nbsp;\u0218tim c\u0103 ziua trece repede, c\u0103 ai serviciu, \u0219coal\u0103, copii, prieteni, televizor, telefon \u0219i tablet\u0103.<br \/>\nDe azi, cei pasiona\u021bi de lectur\u0103 au \u0219i c\u0103r\u021bi, gratuit, f\u0103r\u0103 legitima\u021bie \u0219i f\u0103r\u0103 niciun fel de formalitate, \u00een cele dou\u0103 biblioteci \u00een aer liber din Rovinari. \u00ce\u021bi alegi cartea, o cite\u0219ti, o aduci \u00eenapoi \u0219i-\u021bi iei alta!<br \/>\nDeschide o carte, ca s\u0103 ai parte! <img decoding=\"async\" class=\"_1ift _2560 img\" src=\"https:\/\/static.xx.fbcdn.net\/images\/emoji.php\/v9\/fa5\/1.5\/16\/1f642.png\" alt=\"?\"><\/p>\n<p><img loading=\"lazy\" decoding=\"async\" class=\"alignnone  wp-image-15034\" src=\"https:\/\/www.primariarovinari.ro\/wp-content\/uploads\/2019\/02\/carti-1-168x82.jpg\" alt=\"\" width=\"311\" height=\"152\" srcset=\"https:\/\/primariarovinari.ro\/old\/wp-content\/uploads\/2019\/02\/carti-1-168x82.jpg 168w, https:\/\/primariarovinari.ro\/old\/wp-content\/uploads\/2019\/02\/carti-1-768x373.jpg 768w, https:\/\/primariarovinari.ro\/old\/wp-content\/uploads\/2019\/02\/carti-1-1024x497.jpg 1024w, https:\/\/primariarovinari.ro\/old\/wp-content\/uploads\/2019\/02\/carti-1.jpg 1600w\" sizes=\"auto, (max-width: 311px) 100vw, 311px\" \/><img loading=\"lazy\" decoding=\"async\" class=\"alignnone  wp-image-15035\" src=\"https:\/\/www.primariarovinari.ro\/wp-content\/uploads\/2019\/02\/carti-2-168x97.jpg\" alt=\"\" width=\"258\" height=\"149\" srcset=\"https:\/\/primariarovinari.ro\/old\/wp-content\/uploads\/2019\/02\/carti-2-168x97.jpg 168w, https:\/\/primariarovinari.ro\/old\/wp-content\/uploads\/2019\/02\/carti-2-768x442.jpg 768w, https:\/\/primariarovinari.ro\/old\/wp-content\/uploads\/2019\/02\/carti-2-1024x589.jpg 1024w, https:\/\/primariarovinari.ro\/old\/wp-content\/uploads\/2019\/02\/carti-2.jpg 1600w\" sizes=\"auto, (max-width: 258px) 100vw, 258px\" \/><img loading=\"lazy\" decoding=\"async\" class=\"alignnone  wp-image-15036\" src=\"https:\/\/www.primariarovinari.ro\/wp-content\/uploads\/2019\/02\/carti-3-82x168.jpg\" alt=\"\" width=\"96\" height=\"197\" srcset=\"https:\/\/primariarovinari.ro\/old\/wp-content\/uploads\/2019\/02\/carti-3-82x168.jpg 82w, https:\/\/primariarovinari.ro\/old\/wp-content\/uploads\/2019\/02\/carti-3.jpg 195w\" sizes=\"auto, (max-width: 96px) 100vw, 96px\" \/><img loading=\"lazy\" decoding=\"async\" class=\"alignnone  wp-image-15037\" src=\"https:\/\/www.primariarovinari.ro\/wp-content\/uploads\/2019\/02\/carti-4-168x82.jpg\" alt=\"\" width=\"322\" height=\"157\" srcset=\"https:\/\/primariarovinari.ro\/old\/wp-content\/uploads\/2019\/02\/carti-4-168x82.jpg 168w, https:\/\/primariarovinari.ro\/old\/wp-content\/uploads\/2019\/02\/carti-4-768x373.jpg 768w, https:\/\/primariarovinari.ro\/old\/wp-content\/uploads\/2019\/02\/carti-4-1024x497.jpg 1024w, https:\/\/primariarovinari.ro\/old\/wp-content\/uploads\/2019\/02\/carti-4.jpg 1600w\" sizes=\"auto, (max-width: 322px) 100vw, 322px\" \/><\/p>\n","protected":false},"excerpt":{"rendered":"<p>Vrei s\u0103 ai parte? Deschide o carte! Noi, angaja\u021bii Prim\u0103riei Rovinari, am adus azi c\u0103r\u021bi noi \u00een cele dou\u0103 biblioteci \u00een aer liber, din Bulevardul Minerilor \u0219i de l\u00e2ng\u0103 foi\u0219orul din Pia\u021ba Veche!&nbsp;\u0218tim c\u0103 ziua trece repede, c\u0103 ai serviciu, \u0219coal\u0103, copii, prieteni, televizor, telefon \u0219i tablet\u0103. De azi, cei pasiona\u021bi de lectur\u0103 au \u0219i [&hellip;]<\/p>\n","protected":false},"author":1001008,"featured_media":0,"comment_status":"open","ping_status":"open","sticky":false,"template":"","format":"standard","meta":{"ngg_post_thumbnail":0,"footnotes":""},"categories":[1,151],"tags":[],"class_list":["post-15033","post","type-post","status-publish","format-standard","hentry","category-altele","category-informatii-publice"],"_links":{"self":[{"href":"https:\/\/primariarovinari.ro\/old\/wp-json\/wp\/v2\/posts\/15033","targetHints":{"allow":["GET"]}}],"collection":[{"href":"https:\/\/primariarovinari.ro\/old\/wp-json\/wp\/v2\/posts"}],"about":[{"href":"https:\/\/primariarovinari.ro\/old\/wp-json\/wp\/v2\/types\/post"}],"author":[{"embeddable":true,"href":"https:\/\/primariarovinari.ro\/old\/wp-json\/wp\/v2\/users\/1001008"}],"replies":[{"embeddable":true,"href":"https:\/\/primariarovinari.ro\/old\/wp-json\/wp\/v2\/comments?post=15033"}],"version-history":[{"count":0,"href":"https:\/\/primariarovinari.ro\/old\/wp-json\/wp\/v2\/posts\/15033\/revisions"}],"wp:attachment":[{"href":"https:\/\/primariarovinari.ro\/old\/wp-json\/wp\/v2\/media?parent=15033"}],"wp:term":[{"taxonomy":"category","embeddable":true,"href":"https:\/\/primariarovinari.ro\/old\/wp-json\/wp\/v2\/categories?post=15033"},{"taxonomy":"post_tag","embeddable":true,"href":"https:\/\/primariarovinari.ro\/old\/wp-json\/wp\/v2\/tags?post=15033"}],"curies":[{"name":"wp","href":"https:\/\/api.w.org\/{rel}","templated":true}]}}