{"id":14971,"date":"2019-02-07T11:13:35","date_gmt":"2019-02-07T08:13:35","guid":{"rendered":"https:\/\/www.primariarovinari.ro\/?p=14971"},"modified":"2019-02-07T11:13:35","modified_gmt":"2019-02-07T08:13:35","slug":"medic-nou-la-sectia-ortopedie-din-cadrul-spitalului-sfantul-stefan-din-rovinari-a-terminat-rezidentiatul-in-franta","status":"publish","type":"post","link":"https:\/\/primariarovinari.ro\/old\/2019\/02\/medic-nou-la-sectia-ortopedie-din-cadrul-spitalului-sfantul-stefan-din-rovinari-a-terminat-rezidentiatul-in-franta\/","title":{"rendered":"Medic nou la sec\u021bia Ortopedie din cadrul Spitalului \u201dSf\u00e2ntul \u0218tefan\u201d din Rovinari. A terminat reziden\u021biatul \u00een Fran\u021ba"},"content":{"rendered":"<p><img loading=\"lazy\" decoding=\"async\" class=\"alignnone size-medium wp-image-14973\" src=\"https:\/\/www.primariarovinari.ro\/wp-content\/uploads\/2019\/02\/ortoped-2-126x168.jpg\" alt=\"\" width=\"126\" height=\"168\" srcset=\"https:\/\/primariarovinari.ro\/old\/wp-content\/uploads\/2019\/02\/ortoped-2-126x168.jpg 126w, https:\/\/primariarovinari.ro\/old\/wp-content\/uploads\/2019\/02\/ortoped-2.jpg 300w\" sizes=\"auto, (max-width: 126px) 100vw, 126px\" \/><img loading=\"lazy\" decoding=\"async\" class=\"alignnone  wp-image-14972\" src=\"https:\/\/www.primariarovinari.ro\/wp-content\/uploads\/2019\/02\/ortoped-1-168x82.jpg\" alt=\"\" width=\"334\" height=\"163\" srcset=\"https:\/\/primariarovinari.ro\/old\/wp-content\/uploads\/2019\/02\/ortoped-1-168x82.jpg 168w, https:\/\/primariarovinari.ro\/old\/wp-content\/uploads\/2019\/02\/ortoped-1-768x373.jpg 768w, https:\/\/primariarovinari.ro\/old\/wp-content\/uploads\/2019\/02\/ortoped-1-1024x497.jpg 1024w, https:\/\/primariarovinari.ro\/old\/wp-content\/uploads\/2019\/02\/ortoped-1.jpg 1600w\" sizes=\"auto, (max-width: 334px) 100vw, 334px\" \/><\/p>\n<p>Pentru c\u0103 punem pre\u021b pe calitatea actului medical \u0219i pe diversificarea serivciilor acordate locuitorilor ora\u0219ului, la Spitalul \u201dSf\u00e2ntul \u0218tefan\u201d, activeaz\u0103, de la 1 februarie, un nou medic ortoped. Este vorba despre Ovidiu Pecingin\u0103, un medic t\u00e2n\u0103r, \u00een v\u00e2rst\u0103 de 30 de ani, specialist \u00een Ortopedie-Traumatologie, \u00een v\u00e2rst\u0103 de 30 de ani,&nbsp; devotat meseriei, care a urmat cursurile Facult\u0103\u021bii de Medicin\u0103 din Timi\u0219oara iar reziden\u021biatul l-a terminat \u00een Fran\u021ba. Odat\u0103 cu al\u0103turarea sa colectivului de cadre medicale de la unitatea sanitar\u0103 din Rovinari, sper\u0103m ca adresabilitatea la compartimentul Ortopedie s\u0103 creasc\u0103 iar locuitorii ora\u0219ului, \u0219i nu numai, s\u0103 apeleze cu \u00eencredere la serviciile noului cadru medical.<\/p>\n","protected":false},"excerpt":{"rendered":"<p>Pentru c\u0103 punem pre\u021b pe calitatea actului medical \u0219i pe diversificarea serivciilor acordate locuitorilor ora\u0219ului, la Spitalul \u201dSf\u00e2ntul \u0218tefan\u201d, activeaz\u0103, de la 1 februarie, un nou medic ortoped. Este vorba despre Ovidiu Pecingin\u0103, un medic t\u00e2n\u0103r, \u00een v\u00e2rst\u0103 de 30 de ani, specialist \u00een Ortopedie-Traumatologie, \u00een v\u00e2rst\u0103 de 30 de ani,&nbsp; devotat meseriei, care a [&hellip;]<\/p>\n","protected":false},"author":1001008,"featured_media":0,"comment_status":"open","ping_status":"open","sticky":false,"template":"","format":"standard","meta":{"ngg_post_thumbnail":0,"footnotes":""},"categories":[1,151],"tags":[],"class_list":["post-14971","post","type-post","status-publish","format-standard","hentry","category-altele","category-informatii-publice"],"_links":{"self":[{"href":"https:\/\/primariarovinari.ro\/old\/wp-json\/wp\/v2\/posts\/14971","targetHints":{"allow":["GET"]}}],"collection":[{"href":"https:\/\/primariarovinari.ro\/old\/wp-json\/wp\/v2\/posts"}],"about":[{"href":"https:\/\/primariarovinari.ro\/old\/wp-json\/wp\/v2\/types\/post"}],"author":[{"embeddable":true,"href":"https:\/\/primariarovinari.ro\/old\/wp-json\/wp\/v2\/users\/1001008"}],"replies":[{"embeddable":true,"href":"https:\/\/primariarovinari.ro\/old\/wp-json\/wp\/v2\/comments?post=14971"}],"version-history":[{"count":0,"href":"https:\/\/primariarovinari.ro\/old\/wp-json\/wp\/v2\/posts\/14971\/revisions"}],"wp:attachment":[{"href":"https:\/\/primariarovinari.ro\/old\/wp-json\/wp\/v2\/media?parent=14971"}],"wp:term":[{"taxonomy":"category","embeddable":true,"href":"https:\/\/primariarovinari.ro\/old\/wp-json\/wp\/v2\/categories?post=14971"},{"taxonomy":"post_tag","embeddable":true,"href":"https:\/\/primariarovinari.ro\/old\/wp-json\/wp\/v2\/tags?post=14971"}],"curies":[{"name":"wp","href":"https:\/\/api.w.org\/{rel}","templated":true}]}}