{"id":1496,"date":"2010-06-07T09:06:39","date_gmt":"2010-06-07T07:06:39","guid":{"rendered":"http:\/\/www.primariarovinari.ro\/?p=1496"},"modified":"2010-06-07T09:09:06","modified_gmt":"2010-06-07T07:09:06","slug":"ziua-mediului-marcata-printr-o-actiune-de-ecologizare","status":"publish","type":"post","link":"https:\/\/primariarovinari.ro\/old\/2010\/06\/ziua-mediului-marcata-printr-o-actiune-de-ecologizare\/","title":{"rendered":"Ziua Mediului marcat\u0103 printr-o ac\u0163iune de ecologizare"},"content":{"rendered":"<p style=\"text-align: justify;\"><a href=\"http:\/\/www.primariarovinari.ro\/wp-content\/uploads\/2010\/06\/Ziua-Mondiala-a-Mediului-1.jpg\"><img loading=\"lazy\" decoding=\"async\" class=\"alignleft size-medium wp-image-1497\" title=\"Ziua Mondiala a Mediului Rovinari\" src=\"http:\/\/www.primariarovinari.ro\/wp-content\/uploads\/2010\/06\/Ziua-Mondiala-a-Mediului-1-300x168.jpg\" alt=\"\" width=\"300\" height=\"168\" srcset=\"https:\/\/primariarovinari.ro\/old\/wp-content\/uploads\/2010\/06\/Ziua-Mondiala-a-Mediului-1-300x168.jpg 300w, https:\/\/primariarovinari.ro\/old\/wp-content\/uploads\/2010\/06\/Ziua-Mondiala-a-Mediului-1.jpg 1024w\" sizes=\"auto, (max-width: 300px) 100vw, 300px\" \/><\/a>Consilierii locali au avut ini\u0163iativa ca ziua de s\u00e2mb\u0103t\u0103 5 iunie &#8211; Ziua Mondial\u0103 a Mediului &#8211; s\u0103 fie marcat\u0103 printr-o ac\u0163iune de ecologizare a ora\u015fului Rovinari dar \u015fi a r\u00e2ului Jiu.<\/p>\n<p style=\"text-align: justify;\">La aceast\u0103 ac\u0163iune au fost invita\u0163i to\u0163i locuitorii din Rovinari, dar au r\u0103spuns aproximativ 50 de persoane de toate v\u00e2rstele, printre care consilieri locali, elevi \u015fi profesori de la \u015ecoala General\u0103 Nr. 1, elevi \u015fi profesori de la Grupul \u015ecolar Industrial, lucr\u0103tori de la Societatea Ap\u0103 Canal \u015fi Salubritate.<\/p>\n<p style=\"text-align: justify;\">Punctul de \u00eent\u00e2lnire a fost \u00een fa\u0163a Prim\u0103riei Rovinari unde participan\u0163ii au fost \u201eechipa\u0163i\u201d cu m\u0103nu\u015fi \u015fi saci \u00een care s\u0103 colecteze de\u015feurile. De la prim\u0103rie s-a plecat pentru a ecologiza zona blocurilor aflate pe strazile 22 Decembrie 1989, Aleea \u015ecolii, Castanilor, Tineretului, Termocentralei dar \u015fi r\u00e2ul Jiu a fost ecologizat \u00een aval de Rovinari.<\/p>\n<p style=\"text-align: justify;\"><!--more-->Aceasta a fost prima edi\u0163ie a zilei de 5 iunie, deoarece consilierii locali doresc ca aceast\u0103 ac\u0163iune s\u0103 continue \u015fi \u00een anii urm\u0103tori, dar cu mai mult\u0103 implicare din partea cet\u0103\u0163enilor domicilia\u0163i \u00een ora\u015ful nostru. 5 iunie reprezint\u0103 Ziua Mondial\u0103 a Mediului \u015fi a fost instituit\u0103 \u00een 1972 de Adunarea General\u0103 a Na\u0163iunilor Unite pentru celebrarea Conferin\u0163ei &#8222;Ecologia Uman\u0103&#8221;. Aceast\u0103 zi se s\u0103rb\u0103tore\u015fte \u00een ziua de 5 iunie a fiec\u0103rui an \u015fi constituie un prilej pentru institu\u0163iile guvernamentale, administra\u0163iile locale, asocia\u0163iile de tineri, organiza\u0163iile nonguvernamentale, \u00eentreprinz\u0103tori, industria\u015fi, inclusiv mass-media de a se mobiliza prin manifest\u0103ri comune menite s\u0103 atrag\u0103 aten\u0163ia asupra necesit\u0103\u0163ii protej\u0103rii factorilor de mediu.<\/p>\n<p style=\"text-align: justify;\">Marcarea Zilei Mondiale a Mediului reprezint\u0103 un binevenit semnal \u015fi un \u00eendemn de a ac\u0163iona unitar pentru salvarea patrimoniului nostru natural pe care avem datoria de a-l l\u0103sa nealterat genera\u0163iilor viitoare.<br \/>\nngg_shortcode_0_placeholder<\/p>\n","protected":false},"excerpt":{"rendered":"<p>Consilierii locali au avut ini\u0163iativa ca ziua de s\u00e2mb\u0103t\u0103 5 iunie &#8211; Ziua Mondial\u0103 a Mediului &#8211; s\u0103 fie marcat\u0103 printr-o ac\u0163iune de ecologizare a ora\u015fului Rovinari dar \u015fi a r\u00e2ului Jiu. La aceast\u0103 ac\u0163iune au fost invita\u0163i to\u0163i locuitorii din Rovinari, dar au r\u0103spuns aproximativ 50 de persoane de toate v\u00e2rstele, printre care consilieri [&hellip;]<\/p>\n","protected":false},"author":1001008,"featured_media":0,"comment_status":"open","ping_status":"open","sticky":false,"template":"","format":"standard","meta":{"ngg_post_thumbnail":0,"footnotes":""},"categories":[4],"tags":[213,208,207],"class_list":["post-1496","post","type-post","status-publish","format-standard","hentry","category-informatii-locale","tag-5-iunie","tag-ecologizare","tag-ziua-mediului"],"_links":{"self":[{"href":"https:\/\/primariarovinari.ro\/old\/wp-json\/wp\/v2\/posts\/1496","targetHints":{"allow":["GET"]}}],"collection":[{"href":"https:\/\/primariarovinari.ro\/old\/wp-json\/wp\/v2\/posts"}],"about":[{"href":"https:\/\/primariarovinari.ro\/old\/wp-json\/wp\/v2\/types\/post"}],"author":[{"embeddable":true,"href":"https:\/\/primariarovinari.ro\/old\/wp-json\/wp\/v2\/users\/1001008"}],"replies":[{"embeddable":true,"href":"https:\/\/primariarovinari.ro\/old\/wp-json\/wp\/v2\/comments?post=1496"}],"version-history":[{"count":0,"href":"https:\/\/primariarovinari.ro\/old\/wp-json\/wp\/v2\/posts\/1496\/revisions"}],"wp:attachment":[{"href":"https:\/\/primariarovinari.ro\/old\/wp-json\/wp\/v2\/media?parent=1496"}],"wp:term":[{"taxonomy":"category","embeddable":true,"href":"https:\/\/primariarovinari.ro\/old\/wp-json\/wp\/v2\/categories?post=1496"},{"taxonomy":"post_tag","embeddable":true,"href":"https:\/\/primariarovinari.ro\/old\/wp-json\/wp\/v2\/tags?post=1496"}],"curies":[{"name":"wp","href":"https:\/\/api.w.org\/{rel}","templated":true}]}}