{"id":14848,"date":"2018-11-09T11:15:49","date_gmt":"2018-11-09T08:15:49","guid":{"rendered":"https:\/\/www.primariarovinari.ro\/?p=14848"},"modified":"2018-11-09T11:15:49","modified_gmt":"2018-11-09T08:15:49","slug":"comunicat-de-presa-5","status":"publish","type":"post","link":"https:\/\/primariarovinari.ro\/old\/2018\/11\/comunicat-de-presa-5\/","title":{"rendered":"Comunicat de pres\u0103"},"content":{"rendered":"<p>Conferin\u021b\u0103 lansare proiect \u201dPro Educa\u0163ie\u201d<\/p>\n<p>Prim\u0103ria ora\u0219ului Rovinari organizeaz\u0103 conferin\u021ba de lansare a proiectului \u201cPro Educa\u0163ie \u2013 m\u0103suri integrate pentru copii, p\u0103rin\u021bi, educatori \u0219i personal de sprijin, \u00een vederea cre\u0219terii particip\u0103rii la educa\u021bie a persoanelor apar\u021bin\u00e2nd grupurilor vulnerabile \u0219i reducerii p\u0103r\u0103sirii timpurii a \u0219colii\u201d, POCU\/74\/6\/18\/106803.<\/p>\n<p>Evenimentul va avea loc joi, 15 noiembrie 2018, \u00eencep\u00e2nd cu ora 12:00, la Casa de Cultur\u0103 Rovinari, strada Florilor nr. 3, Rovinari, jude\u0163ul Gorj.<\/p>\n<p>Grupul \u021bint\u0103 al proiectului este alc\u0103tuit din 1.184 de persoane din ora\u015ful Rovinari.<\/p>\n<p>Axa prioritar\u0103 a proiectului este Axa Prioritar\u0103 6: \u201d Educa\u021bie \u0219i competen\u021be\u201d, iar obiectivul general al proiectului \u00eel reprezint\u0103 sprijinirea accesului la educa\u0163ie a persoanelor apar\u0163in\u00e2nd grupurilor vulnerabile, \u00een corelare cu \u00eembun\u0103t\u0103\u0163irea competentelor personalului didactic si de sprijin pentru servicii educa\u0163ionale de calitate orientate pe nevoile elevilor, \u00een vederea \u00eencuraj\u0103rii educa\u0163iei \u015fi prevenirii abandonului \u015fcolar timpuriu \u015fi promovarea accesului egal la \u00eenv\u0103\u0163\u0103m\u00e2ntul pre\u015fcolar, primar \u015fi secundar de calitate.<\/p>\n<p>Valoarea total\u0103 a proiectului este de 6.121.892,15 lei, din care contribu\u021bia Uniunii Europene este 5.203.608,33 RON.<\/p>\n<p>Proiectul \u201dPro Educa\u0163ie\u201d prevede o multitudine de programe destinate copiilor de v\u00e2rst\u0103 ante pre\u015fcolar\u0103, pre\u015fcolar\u0103, \u015fcolar\u0103 \u015fi liceal\u0103 \u015fi p\u0103rin\u0163ilor\/bunicilor\/tutorilor acestora, precum \u015fi activit\u0103\u0163i de formare \u015fi motivare a cadrelor didactice \u015fi a personalului de management \u015fi de sprijin din unit\u0103\u0163ile de \u00eenv\u0103\u0163\u0103m\u00e2nt din ora\u015ful Rovinari.<\/p>\n<p>Evenimentul de lansare a proiectului reprezint\u0103 o bun\u0103 ocazie de informare a tuturor participan\u021bilor \u015fi \u00een special a p\u0103rin\u0163ilor, copiilor \u015fi cadrelor didactice cu privire la oportunit\u0103\u021bile proiectului \u201dPro Educa\u0163ie\u201dprecum \u015fi o \u015fans\u0103 de a se \u00eenscrie \u00een grupul \u0163int\u0103 al proiectului.<\/p>\n<p>Proiectul este cofinan\u0163at din Fondul Social European prin Programul Opera\u021bional de Capital Uman 2014-2020.<\/p>\n<p>Contact:<br \/>\nDl. Viorel Vil\u0103u &#8211; Expert PR \u015fi Comunicare<br \/>\nTelefon: 0253\/371 095, 0253\/371 011<br \/>\nFax: 0253\/371 004<br \/>\nE-mail: vilau.viorel@primariarovinari.ro<\/p>\n","protected":false},"excerpt":{"rendered":"<p>Conferin\u021b\u0103 lansare proiect \u201dPro Educa\u0163ie\u201d Prim\u0103ria ora\u0219ului Rovinari organizeaz\u0103 conferin\u021ba de lansare a proiectului \u201cPro Educa\u0163ie \u2013 m\u0103suri integrate pentru copii, p\u0103rin\u021bi, educatori \u0219i personal de sprijin, \u00een vederea cre\u0219terii particip\u0103rii la educa\u021bie a persoanelor apar\u021bin\u00e2nd grupurilor vulnerabile \u0219i reducerii p\u0103r\u0103sirii timpurii a \u0219colii\u201d, POCU\/74\/6\/18\/106803. Evenimentul va avea loc joi, 15 noiembrie 2018, \u00eencep\u00e2nd cu [&hellip;]<\/p>\n","protected":false},"author":1001008,"featured_media":0,"comment_status":"open","ping_status":"open","sticky":false,"template":"","format":"standard","meta":{"ngg_post_thumbnail":0,"footnotes":""},"categories":[3],"tags":[],"class_list":["post-14848","post","type-post","status-publish","format-standard","hentry","category-comunicate-de-presa"],"_links":{"self":[{"href":"https:\/\/primariarovinari.ro\/old\/wp-json\/wp\/v2\/posts\/14848","targetHints":{"allow":["GET"]}}],"collection":[{"href":"https:\/\/primariarovinari.ro\/old\/wp-json\/wp\/v2\/posts"}],"about":[{"href":"https:\/\/primariarovinari.ro\/old\/wp-json\/wp\/v2\/types\/post"}],"author":[{"embeddable":true,"href":"https:\/\/primariarovinari.ro\/old\/wp-json\/wp\/v2\/users\/1001008"}],"replies":[{"embeddable":true,"href":"https:\/\/primariarovinari.ro\/old\/wp-json\/wp\/v2\/comments?post=14848"}],"version-history":[{"count":0,"href":"https:\/\/primariarovinari.ro\/old\/wp-json\/wp\/v2\/posts\/14848\/revisions"}],"wp:attachment":[{"href":"https:\/\/primariarovinari.ro\/old\/wp-json\/wp\/v2\/media?parent=14848"}],"wp:term":[{"taxonomy":"category","embeddable":true,"href":"https:\/\/primariarovinari.ro\/old\/wp-json\/wp\/v2\/categories?post=14848"},{"taxonomy":"post_tag","embeddable":true,"href":"https:\/\/primariarovinari.ro\/old\/wp-json\/wp\/v2\/tags?post=14848"}],"curies":[{"name":"wp","href":"https:\/\/api.w.org\/{rel}","templated":true}]}}