{"id":1476,"date":"2010-05-31T13:20:20","date_gmt":"2010-05-31T11:20:20","guid":{"rendered":"http:\/\/www.primariarovinari.ro\/?p=1476"},"modified":"2010-05-31T13:33:23","modified_gmt":"2010-05-31T11:33:23","slug":"ziua-copilului-organizata-de-primaria-rovinari","status":"publish","type":"post","link":"https:\/\/primariarovinari.ro\/old\/2010\/05\/ziua-copilului-organizata-de-primaria-rovinari\/","title":{"rendered":"Prim\u0103ria Rovinari organizeaz\u0103 Ziua Copilului"},"content":{"rendered":"<p style=\"text-align: justify;\"><a href=\"http:\/\/www.primariarovinari.ro\/wp-content\/uploads\/2010\/05\/DSC00805.jpg\"><img loading=\"lazy\" decoding=\"async\" class=\"alignright size-medium wp-image-1477\" title=\"Tobogan_gonflabil\" src=\"http:\/\/www.primariarovinari.ro\/wp-content\/uploads\/2010\/05\/DSC00805-300x225.jpg\" alt=\"\" width=\"270\" height=\"203\" srcset=\"https:\/\/primariarovinari.ro\/old\/wp-content\/uploads\/2010\/05\/DSC00805-300x225.jpg 300w, https:\/\/primariarovinari.ro\/old\/wp-content\/uploads\/2010\/05\/DSC00805.jpg 1024w\" sizes=\"auto, (max-width: 270px) 100vw, 270px\" \/><\/a>Cu ocazia zilei de 1 iunie, Prim\u0103ria \u015fi Consiliul Local Rovinari vor amenaja \u00een centrul ora\u015fului un mini-parc de distrac\u0163ii pentru copii.<\/p>\n<p style=\"text-align: justify;\">Se vor amplasa \u015fi dou\u0103 tobogane gonflabile pe platoul Casei de Cultur\u0103 \u015fi pe Bulevardul Minerilor, oferind astfel\u00a0 copiilor din ora\u015f mai mult\u0103 distrac\u0163ie de ziua lor.<\/p>\n<p style=\"text-align: justify;\">Cele dou\u0103 tobogane vor fi puse gratuit la dispozi\u0163ia copiilor \u00een cursul zilei de 1 iunie 2010, \u00eentre orele 9 \u2013 22.<\/p>\n<p style=\"text-align: justify;\">A\u015fadar, a\u015ftept\u0103m c\u00e2t mai mul\u0163i copii \u00eenso\u0163i\u0163i de p\u0103rin\u0163i, pentru a se distra de Ziua Copilului.<\/p>\n","protected":false},"excerpt":{"rendered":"<p>Cu ocazia zilei de 1 iunie, Prim\u0103ria \u015fi Consiliul Local Rovinari vor amenaja \u00een centrul ora\u015fului un mini-parc de distrac\u0163ii pentru copii. Se vor amplasa \u015fi dou\u0103 tobogane gonflabile pe platoul Casei de Cultur\u0103 \u015fi pe Bulevardul Minerilor, oferind astfel\u00a0 copiilor din ora\u015f mai mult\u0103 distrac\u0163ie de ziua lor. Cele dou\u0103 tobogane vor fi puse [&hellip;]<\/p>\n","protected":false},"author":1001008,"featured_media":0,"comment_status":"open","ping_status":"open","sticky":false,"template":"","format":"standard","meta":{"ngg_post_thumbnail":0,"footnotes":""},"categories":[9],"tags":[210,212,211],"class_list":["post-1476","post","type-post","status-publish","format-standard","hentry","category-anunturi","tag-1-iunie","tag-distractie","tag-ziua-copilului"],"_links":{"self":[{"href":"https:\/\/primariarovinari.ro\/old\/wp-json\/wp\/v2\/posts\/1476","targetHints":{"allow":["GET"]}}],"collection":[{"href":"https:\/\/primariarovinari.ro\/old\/wp-json\/wp\/v2\/posts"}],"about":[{"href":"https:\/\/primariarovinari.ro\/old\/wp-json\/wp\/v2\/types\/post"}],"author":[{"embeddable":true,"href":"https:\/\/primariarovinari.ro\/old\/wp-json\/wp\/v2\/users\/1001008"}],"replies":[{"embeddable":true,"href":"https:\/\/primariarovinari.ro\/old\/wp-json\/wp\/v2\/comments?post=1476"}],"version-history":[{"count":0,"href":"https:\/\/primariarovinari.ro\/old\/wp-json\/wp\/v2\/posts\/1476\/revisions"}],"wp:attachment":[{"href":"https:\/\/primariarovinari.ro\/old\/wp-json\/wp\/v2\/media?parent=1476"}],"wp:term":[{"taxonomy":"category","embeddable":true,"href":"https:\/\/primariarovinari.ro\/old\/wp-json\/wp\/v2\/categories?post=1476"},{"taxonomy":"post_tag","embeddable":true,"href":"https:\/\/primariarovinari.ro\/old\/wp-json\/wp\/v2\/tags?post=1476"}],"curies":[{"name":"wp","href":"https:\/\/api.w.org\/{rel}","templated":true}]}}