{"id":1467,"date":"2010-05-31T12:17:21","date_gmt":"2010-05-31T10:17:21","guid":{"rendered":"http:\/\/www.primariarovinari.ro\/?p=1467"},"modified":"2010-06-02T15:00:30","modified_gmt":"2010-06-02T13:00:30","slug":"5-iunie-2010-%e2%80%93-ziua-mediului-la-rovinari","status":"publish","type":"post","link":"https:\/\/primariarovinari.ro\/old\/2010\/05\/5-iunie-2010-%e2%80%93-ziua-mediului-la-rovinari\/","title":{"rendered":"5 IUNIE 2010 \u2013 Ziua Mediului la Rovinari"},"content":{"rendered":"<p style=\"text-align: justify;\"><a href=\"http:\/\/www.primariarovinari.ro\/wp-content\/uploads\/2010\/05\/sigla-clr.jpg\"><img loading=\"lazy\" decoding=\"async\" class=\"alignleft size-medium wp-image-1468\" title=\"sigla clr\" src=\"http:\/\/www.primariarovinari.ro\/wp-content\/uploads\/2010\/05\/sigla-clr-300x135.jpg\" alt=\"\" width=\"300\" height=\"135\" srcset=\"https:\/\/primariarovinari.ro\/old\/wp-content\/uploads\/2010\/05\/sigla-clr-300x135.jpg 300w, https:\/\/primariarovinari.ro\/old\/wp-content\/uploads\/2010\/05\/sigla-clr.jpg 1024w\" sizes=\"auto, (max-width: 300px) 100vw, 300px\" \/><\/a>Consiliul Local Rovinari marcheaz\u0103 Ziua Mondial\u0103 a Mediului printr-o ac\u0163iune de ecologizare at\u00e2t \u00een ora\u015f c\u00e2t \u015fi pe cele dou\u0103 maluri ale Jiului.<\/p>\n<p style=\"text-align: justify;\">Consilierii locali invit\u0103 al\u0103turi de ei c\u00e2t mai mul\u0163i cet\u0103\u0163eni, voluntari de toate v\u00e2rstele, pentru ca s\u00e2mb\u0103t\u0103 s\u0103 ia atitudine \u015fi s\u0103 participe la ac\u0163iunea de cur\u0103\u0163enie din jurul blocurilor \u00een care locuiesc.<object classid=\"clsid:d27cdb6e-ae6d-11cf-96b8-444553540000\" width=\"275\" height=\"200\" codebase=\"http:\/\/download.macromedia.com\/pub\/shockwave\/cabs\/flash\/swflash.cab#version=6,0,40,0\"><param name=\"src\" value=\"http:\/\/www.youtube.com\/v\/r9laspEGwdM\" \/><param name=\"align\" value=\"right\" \/><param name=\"vspace\" value=\"10\" \/><param name=\"hspace\" value=\"10\" \/><embed type=\"application\/x-shockwave-flash\" width=\"275\" height=\"200\" src=\"http:\/\/www.youtube.com\/v\/r9laspEGwdM\" hspace=\"10\" vspace=\"10\" align=\"right\"><\/embed><\/object><\/p>\n<p style=\"text-align: justify;\">Fiecare voluntar participant va primi m\u0103nu\u015fi \u015fi saci de plastic \u00een care s\u0103 colecteze de\u015feurile.<\/p>\n<p style=\"text-align: justify;\">Prim\u0103ria Rovinari face un apel c\u0103tre to\u0163i cei care locuiesc \u00een Rovinari, ca m\u0103car o dat\u0103 pe an s\u0103 participe la aceast\u0103 ac\u0163iune de ecologizare, deoarece aici tr\u0103iesc \u015fi \u00ee\u015fi desf\u0103\u015foar\u0103 activitatea de zi cu zi. \u00cent\u00e2lnirea va avea loc s\u00e2mb\u0103t\u0103 5 iunie 2010 la ora 9.00, \u00een fa\u0163a prim\u0103riei.<\/p>\n<p style=\"text-align: justify;\">\n<p style=\"text-align: center;\"><strong>MEDIU CURAT = VIA\u0162\u0102, S\u0102N\u0102TATE, FERICIRE<\/strong><\/p>\n","protected":false},"excerpt":{"rendered":"<p>Consiliul Local Rovinari marcheaz\u0103 Ziua Mondial\u0103 a Mediului printr-o ac\u0163iune de ecologizare at\u00e2t \u00een ora\u015f c\u00e2t \u015fi pe cele dou\u0103 maluri ale Jiului. Consilierii locali invit\u0103 al\u0103turi de ei c\u00e2t mai mul\u0163i cet\u0103\u0163eni, voluntari de toate v\u00e2rstele, pentru ca s\u00e2mb\u0103t\u0103 s\u0103 ia atitudine \u015fi s\u0103 participe la ac\u0163iunea de cur\u0103\u0163enie din jurul blocurilor \u00een care [&hellip;]<\/p>\n","protected":false},"author":1001008,"featured_media":0,"comment_status":"open","ping_status":"open","sticky":false,"template":"","format":"standard","meta":{"ngg_post_thumbnail":0,"footnotes":""},"categories":[3],"tags":[209,208,207],"class_list":["post-1467","post","type-post","status-publish","format-standard","hentry","category-comunicate-de-presa","tag-curatenie","tag-ecologizare","tag-ziua-mediului"],"_links":{"self":[{"href":"https:\/\/primariarovinari.ro\/old\/wp-json\/wp\/v2\/posts\/1467","targetHints":{"allow":["GET"]}}],"collection":[{"href":"https:\/\/primariarovinari.ro\/old\/wp-json\/wp\/v2\/posts"}],"about":[{"href":"https:\/\/primariarovinari.ro\/old\/wp-json\/wp\/v2\/types\/post"}],"author":[{"embeddable":true,"href":"https:\/\/primariarovinari.ro\/old\/wp-json\/wp\/v2\/users\/1001008"}],"replies":[{"embeddable":true,"href":"https:\/\/primariarovinari.ro\/old\/wp-json\/wp\/v2\/comments?post=1467"}],"version-history":[{"count":0,"href":"https:\/\/primariarovinari.ro\/old\/wp-json\/wp\/v2\/posts\/1467\/revisions"}],"wp:attachment":[{"href":"https:\/\/primariarovinari.ro\/old\/wp-json\/wp\/v2\/media?parent=1467"}],"wp:term":[{"taxonomy":"category","embeddable":true,"href":"https:\/\/primariarovinari.ro\/old\/wp-json\/wp\/v2\/categories?post=1467"},{"taxonomy":"post_tag","embeddable":true,"href":"https:\/\/primariarovinari.ro\/old\/wp-json\/wp\/v2\/tags?post=1467"}],"curies":[{"name":"wp","href":"https:\/\/api.w.org\/{rel}","templated":true}]}}