{"id":14431,"date":"2018-05-30T11:36:55","date_gmt":"2018-05-30T08:36:55","guid":{"rendered":"https:\/\/www.primariarovinari.ro\/?p=14431"},"modified":"2018-05-30T11:36:55","modified_gmt":"2018-05-30T08:36:55","slug":"o-saptamana-de-distractie-la-rovinari-vescan-elena-gheorghe-antonia-petrica-mitu-stoian-formatia-triton-si-marcela-fota-fac-show-la-zilele-orasului","status":"publish","type":"post","link":"https:\/\/primariarovinari.ro\/old\/2018\/05\/o-saptamana-de-distractie-la-rovinari-vescan-elena-gheorghe-antonia-petrica-mitu-stoian-formatia-triton-si-marcela-fota-fac-show-la-zilele-orasului\/","title":{"rendered":"O s\u0103pt\u0103m\u00e2n\u0103 de distrac\u021bie la Rovinari. Vescan, Elena Gheorghe, Antonia, Petrica Mitu Stoian, formatia Triton si Marcela Fota fac show la Zilele Orasului."},"content":{"rendered":"<p>\u00cen perioada 11 &#8211; 17 iunie a.c., Prim\u0103ria Rovinari, Consiliul Local, Casa de Cultur\u0103 \u015fi Biblioteca Rovinari organizeaz\u0103 cea de-a XVIII-a edi\u0163ie a &#8222;Zilelor Ora\u015fului&#8221;. Programul manifest\u0103rilor cuprinde numeroase spectacole de muzic\u0103 \u015fi dans, care vor avea loc pe Bulevardul Minerilor.<\/p>\n<p>Sf\u00e2r\u015fitul de s\u0103pt\u0103m\u00e2n\u0103 va aduce \u00een fa\u0163a publicului nume de top ale scenei muzicale rom\u00e2ne\u015fti. Seara de vineri debuteaz\u0103 cu un spectacol de muzic\u0103 popular\u0103, cu participarea solistei Marcela Fota, \u0219i<span class=\"text_exposed_show\">&nbsp;se \u00eencheie cu un recital sus\u021binut de Vescan. Sambat\u0103, muzica populara interpretat\u0103 de forma\u021bia Triton, urmat\u0103 de un show de muzica usoara sustinut de Elena Gheorghe. Duminica, ne va incanta indr\u0103gitul interpret de muzica populara Petric\u0103 Mi\u021bu Stoian. S\u0103rb\u0103toarea de zilele ora\u0219ului se va \u00eencheia cu un mega-show oferit de Antonia.<\/span><\/p>\n<div class=\"text_exposed_show\">\n<p>In fiecare zi de concerte, incepand cu ora 19.00, copiii rovin\u0103reni vor deschide seara cu un spectacole folclorice.<\/p>\n<p><a href=\"https:\/\/www.primariarovinari.ro\/wp-content\/uploads\/2018\/05\/33923701_661619000862106_5142454907181203456_n.jpg\"><img loading=\"lazy\" decoding=\"async\" class=\"alignnone  wp-image-14432\" src=\"https:\/\/www.primariarovinari.ro\/wp-content\/uploads\/2018\/05\/33923701_661619000862106_5142454907181203456_n-119x168.jpg\" alt=\"\" width=\"429\" height=\"606\" srcset=\"https:\/\/primariarovinari.ro\/old\/wp-content\/uploads\/2018\/05\/33923701_661619000862106_5142454907181203456_n-119x168.jpg 119w, https:\/\/primariarovinari.ro\/old\/wp-content\/uploads\/2018\/05\/33923701_661619000862106_5142454907181203456_n.jpg 678w\" sizes=\"auto, (max-width: 429px) 100vw, 429px\" \/><\/a><\/p>\n<\/div>\n","protected":false},"excerpt":{"rendered":"<p>\u00cen perioada 11 &#8211; 17 iunie a.c., Prim\u0103ria Rovinari, Consiliul Local, Casa de Cultur\u0103 \u015fi Biblioteca Rovinari organizeaz\u0103 cea de-a XVIII-a edi\u0163ie a &#8222;Zilelor Ora\u015fului&#8221;. Programul manifest\u0103rilor cuprinde numeroase spectacole de muzic\u0103 \u015fi dans, care vor avea loc pe Bulevardul Minerilor. Sf\u00e2r\u015fitul de s\u0103pt\u0103m\u00e2n\u0103 va aduce \u00een fa\u0163a publicului nume de top ale scenei muzicale [&hellip;]<\/p>\n","protected":false},"author":1001008,"featured_media":0,"comment_status":"open","ping_status":"open","sticky":false,"template":"","format":"standard","meta":{"ngg_post_thumbnail":0,"footnotes":""},"categories":[9],"tags":[],"class_list":["post-14431","post","type-post","status-publish","format-standard","hentry","category-anunturi"],"_links":{"self":[{"href":"https:\/\/primariarovinari.ro\/old\/wp-json\/wp\/v2\/posts\/14431","targetHints":{"allow":["GET"]}}],"collection":[{"href":"https:\/\/primariarovinari.ro\/old\/wp-json\/wp\/v2\/posts"}],"about":[{"href":"https:\/\/primariarovinari.ro\/old\/wp-json\/wp\/v2\/types\/post"}],"author":[{"embeddable":true,"href":"https:\/\/primariarovinari.ro\/old\/wp-json\/wp\/v2\/users\/1001008"}],"replies":[{"embeddable":true,"href":"https:\/\/primariarovinari.ro\/old\/wp-json\/wp\/v2\/comments?post=14431"}],"version-history":[{"count":0,"href":"https:\/\/primariarovinari.ro\/old\/wp-json\/wp\/v2\/posts\/14431\/revisions"}],"wp:attachment":[{"href":"https:\/\/primariarovinari.ro\/old\/wp-json\/wp\/v2\/media?parent=14431"}],"wp:term":[{"taxonomy":"category","embeddable":true,"href":"https:\/\/primariarovinari.ro\/old\/wp-json\/wp\/v2\/categories?post=14431"},{"taxonomy":"post_tag","embeddable":true,"href":"https:\/\/primariarovinari.ro\/old\/wp-json\/wp\/v2\/tags?post=14431"}],"curies":[{"name":"wp","href":"https:\/\/api.w.org\/{rel}","templated":true}]}}