{"id":1440,"date":"2010-05-26T10:29:33","date_gmt":"2010-05-26T08:29:33","guid":{"rendered":"http:\/\/www.primariarovinari.ro\/?p=1440"},"modified":"2010-05-27T09:03:40","modified_gmt":"2010-05-27T07:03:40","slug":"festivalul-judetean-de-folclor-tinere-talente-editia-a-ii-a-27-mai-2010","status":"publish","type":"post","link":"https:\/\/primariarovinari.ro\/old\/2010\/05\/festivalul-judetean-de-folclor-tinere-talente-editia-a-ii-a-27-mai-2010\/","title":{"rendered":"27 mai 2010 &#8211; Festivalul Jude\u0163ean de Folclor &#8222;Tinere Talente&#8221; &#8211; Edi\u0163ia a II-a"},"content":{"rendered":"<p style=\"text-align: justify;\"><a href=\"http:\/\/www.primariarovinari.ro\/wp-content\/uploads\/2010\/05\/P1030267.jpg\"><img loading=\"lazy\" decoding=\"async\" class=\"alignright size-medium wp-image-1441\" title=\"Festiva folcloric\" src=\"http:\/\/www.primariarovinari.ro\/wp-content\/uploads\/2010\/05\/P1030267-300x225.jpg\" alt=\"\" width=\"240\" height=\"180\" srcset=\"https:\/\/primariarovinari.ro\/old\/wp-content\/uploads\/2010\/05\/P1030267-300x225.jpg 300w, https:\/\/primariarovinari.ro\/old\/wp-content\/uploads\/2010\/05\/P1030267.jpg 768w\" sizes=\"auto, (max-width: 240px) 100vw, 240px\" \/><\/a>Prim\u0103ria Rovinari \u00eempreun\u0103 cu Casa de Cultur\u0103 \u015fi Biblioteca Rovinari v\u0103 invit\u0103 s\u0103 participa\u0163i joi 27 mai 2010, \u00eencep\u00e2nd cu orele 14.00 \u00een sala de spectacole a Casei de Cultur\u0103 a Sindicatelor la Edi\u0163ia a II-a a Festivalului Jude\u0163ean de Folclor \u201eTinere Talente\u201d.<\/p>\n<p style=\"text-align: justify;\">La festival vor participa Ansamblul \u201eMaria L\u0103t\u0103re\u0163u\u201d\u00a0 din cadrul \u015ecolii Populare de Art\u0103 T\u00e2rgu-Jiu, Palatul Copiilor, Clubul Elevilor Rovinari, Clubul Elevilor Motru \u015fi Clubul Elevilor Novaci.<\/p>\n<p style=\"text-align: justify;\">Festivalul se va desf\u0103\u015fura pe dou\u0103 categorii de v\u00e2rst\u0103: I\u00a0 Clasele V-VIII, II Clasele IX-XII \u015fi dou\u0103 sec\u0163iuni: I\u00a0 soli\u015fti vocali, II soli\u015fti instrumentali<\/p>\n<p style=\"text-align: justify;\">La finalul festivalului, c\u00e2\u015ftig\u0103torilor li se vor acorda diplome \u015fi premii \u00een bani. Intrarea va fi liber\u0103 \u00een limita locurilor din sal\u0103.<\/p>\n<p style=\"text-align: center;\">V\u0103 a\u015ftept\u0103m cu pl\u0103cere !<\/p>\n","protected":false},"excerpt":{"rendered":"<p>Prim\u0103ria Rovinari \u00eempreun\u0103 cu Casa de Cultur\u0103 \u015fi Biblioteca Rovinari v\u0103 invit\u0103 s\u0103 participa\u0163i joi 27 mai 2010, \u00eencep\u00e2nd cu orele 14.00 \u00een sala de spectacole a Casei de Cultur\u0103 a Sindicatelor la Edi\u0163ia a II-a a Festivalului Jude\u0163ean de Folclor \u201eTinere Talente\u201d. La festival vor participa Ansamblul \u201eMaria L\u0103t\u0103re\u0163u\u201d\u00a0 din cadrul \u015ecolii Populare de [&hellip;]<\/p>\n","protected":false},"author":1001008,"featured_media":0,"comment_status":"open","ping_status":"open","sticky":false,"template":"","format":"standard","meta":{"ngg_post_thumbnail":0,"footnotes":""},"categories":[9],"tags":[202,203,204],"class_list":["post-1440","post","type-post","status-publish","format-standard","hentry","category-anunturi","tag-festival","tag-folclor","tag-tinere-talente"],"_links":{"self":[{"href":"https:\/\/primariarovinari.ro\/old\/wp-json\/wp\/v2\/posts\/1440","targetHints":{"allow":["GET"]}}],"collection":[{"href":"https:\/\/primariarovinari.ro\/old\/wp-json\/wp\/v2\/posts"}],"about":[{"href":"https:\/\/primariarovinari.ro\/old\/wp-json\/wp\/v2\/types\/post"}],"author":[{"embeddable":true,"href":"https:\/\/primariarovinari.ro\/old\/wp-json\/wp\/v2\/users\/1001008"}],"replies":[{"embeddable":true,"href":"https:\/\/primariarovinari.ro\/old\/wp-json\/wp\/v2\/comments?post=1440"}],"version-history":[{"count":0,"href":"https:\/\/primariarovinari.ro\/old\/wp-json\/wp\/v2\/posts\/1440\/revisions"}],"wp:attachment":[{"href":"https:\/\/primariarovinari.ro\/old\/wp-json\/wp\/v2\/media?parent=1440"}],"wp:term":[{"taxonomy":"category","embeddable":true,"href":"https:\/\/primariarovinari.ro\/old\/wp-json\/wp\/v2\/categories?post=1440"},{"taxonomy":"post_tag","embeddable":true,"href":"https:\/\/primariarovinari.ro\/old\/wp-json\/wp\/v2\/tags?post=1440"}],"curies":[{"name":"wp","href":"https:\/\/api.w.org\/{rel}","templated":true}]}}