{"id":143,"date":"2008-08-16T13:53:58","date_gmt":"2008-08-16T11:53:58","guid":{"rendered":"http:\/\/www.primariarovinari.ro\/?p=143"},"modified":"2010-03-16T13:58:10","modified_gmt":"2010-03-16T11:58:10","slug":"o-noua-gradinita-la-rovinari","status":"publish","type":"post","link":"https:\/\/primariarovinari.ro\/old\/2008\/08\/o-noua-gradinita-la-rovinari\/","title":{"rendered":"O nou\u0103 gr\u0103dini\u0163\u0103 la Rovinari"},"content":{"rendered":"<p style=\"text-align: justify;\"><span style=\"font-family: book antiqua,palatino;\">O noua gradinita construita la  standarde occidentale, a fost data \u00een functiune la Rovinari. Gradinita  Nr.3 cuprinde 4 sali de clasa, dotate cu mobilier nou, cancelarie,  magazie, punct sanitar si centrala proprie iar \u00een curtea gradinitei va  fi amenajat un parculet de joaca pentru copii. Reamenajata si  recompartimentata dint-o centrala termica dezafectata, noua gradinita cu  program normal vine in int\u00e2mpinarea problemelor cu care se confrunta  parintii la inceputul anului scolar si \u00een Rovinari.<\/span><\/p>\n<p style=\"text-align: justify;\"><span style=\"font-family: book antiqua,palatino;\"> Lupulescu Maria: Fondurile pentru  realizarea acestei investitii au provenit de la Primaria Rovinari \u00een  valoare de 300.000.000 lei si de la Ministerul Educatiei prin  Inspectoratul Scolar Judetean Gorj \u00een valoare de 600.000.000lei.  Prezenti la inaugurare, Primarul Dorin Filip si Liviu Andrei au taiat  panglica noului sediu dedicat educatiei prescolare, preciz\u00e2nd ca aceste  investitii nu se opresc aici, dorind sa ofere cetatenilor acestui oras  toate conditiile unui trai decent.<\/span><\/p>\n<p><span style=\"font-family: book antiqua,palatino;\"><a href=\"http:\/\/www.primariarovinari.ro\/wp-content\/uploads\/2010\/03\/11.jpg\"><img loading=\"lazy\" decoding=\"async\" class=\"alignnone size-medium wp-image-144\" title=\"1\" src=\"http:\/\/www.primariarovinari.ro\/wp-content\/uploads\/2010\/03\/11-300x225.jpg\" alt=\"\" width=\"150\" height=\"112\" srcset=\"https:\/\/primariarovinari.ro\/old\/wp-content\/uploads\/2010\/03\/11-300x225.jpg 300w, https:\/\/primariarovinari.ro\/old\/wp-content\/uploads\/2010\/03\/11.jpg 800w\" sizes=\"auto, (max-width: 150px) 100vw, 150px\" \/> <\/a><a href=\"http:\/\/www.primariarovinari.ro\/wp-content\/uploads\/2010\/03\/21.jpg\"><img loading=\"lazy\" decoding=\"async\" class=\"alignnone size-medium wp-image-145\" title=\"2\" src=\"http:\/\/www.primariarovinari.ro\/wp-content\/uploads\/2010\/03\/21-300x225.jpg\" alt=\"\" width=\"150\" height=\"112\" srcset=\"https:\/\/primariarovinari.ro\/old\/wp-content\/uploads\/2010\/03\/21-300x225.jpg 300w, https:\/\/primariarovinari.ro\/old\/wp-content\/uploads\/2010\/03\/21.jpg 800w\" sizes=\"auto, (max-width: 150px) 100vw, 150px\" \/> <\/a><a href=\"http:\/\/www.primariarovinari.ro\/wp-content\/uploads\/2010\/03\/3.jpg\"><img loading=\"lazy\" decoding=\"async\" class=\"alignnone size-medium wp-image-146\" title=\"3\" src=\"http:\/\/www.primariarovinari.ro\/wp-content\/uploads\/2010\/03\/3-300x225.jpg\" alt=\"\" width=\"150\" height=\"114\" srcset=\"https:\/\/primariarovinari.ro\/old\/wp-content\/uploads\/2010\/03\/3-300x225.jpg 300w, https:\/\/primariarovinari.ro\/old\/wp-content\/uploads\/2010\/03\/3.jpg 800w\" sizes=\"auto, (max-width: 150px) 100vw, 150px\" \/><\/a><\/span><\/p>\n<p><span style=\"font-family: book antiqua,palatino;\"><a href=\"http:\/\/www.primariarovinari.ro\/wp-content\/uploads\/2008\/08\/4.jpg\"><img loading=\"lazy\" decoding=\"async\" class=\"alignnone size-medium wp-image-153\" title=\"4\" src=\"http:\/\/www.primariarovinari.ro\/wp-content\/uploads\/2008\/08\/4-300x225.jpg\" alt=\"\" width=\"150\" height=\"112\" srcset=\"https:\/\/primariarovinari.ro\/old\/wp-content\/uploads\/2008\/08\/4-300x225.jpg 300w, https:\/\/primariarovinari.ro\/old\/wp-content\/uploads\/2008\/08\/4.jpg 800w\" sizes=\"auto, (max-width: 150px) 100vw, 150px\" \/> <\/a><a href=\"http:\/\/www.primariarovinari.ro\/wp-content\/uploads\/2008\/08\/5.jpg\"><img loading=\"lazy\" decoding=\"async\" class=\"alignnone size-medium wp-image-154\" title=\"5\" src=\"http:\/\/www.primariarovinari.ro\/wp-content\/uploads\/2008\/08\/5-300x225.jpg\" alt=\"\" width=\"150\" height=\"113\" srcset=\"https:\/\/primariarovinari.ro\/old\/wp-content\/uploads\/2008\/08\/5-300x225.jpg 300w, https:\/\/primariarovinari.ro\/old\/wp-content\/uploads\/2008\/08\/5.jpg 800w\" sizes=\"auto, (max-width: 150px) 100vw, 150px\" \/><\/a><br \/>\n<\/span><\/p>\n","protected":false},"excerpt":{"rendered":"<p>O noua gradinita construita la standarde occidentale, a fost data \u00een functiune la Rovinari. Gradinita Nr.3 cuprinde 4 sali de clasa, dotate cu mobilier nou, cancelarie, magazie, punct sanitar si centrala proprie iar \u00een curtea gradinitei va fi amenajat un parculet de joaca pentru copii. Reamenajata si recompartimentata dint-o centrala termica dezafectata, noua gradinita cu [&hellip;]<\/p>\n","protected":false},"author":1001008,"featured_media":0,"comment_status":"open","ping_status":"open","sticky":false,"template":"","format":"standard","meta":{"ngg_post_thumbnail":0,"footnotes":""},"categories":[8],"tags":[23,22],"class_list":["post-143","post","type-post","status-publish","format-standard","hentry","category-proiecte","tag-constructie","tag-gradinita"],"_links":{"self":[{"href":"https:\/\/primariarovinari.ro\/old\/wp-json\/wp\/v2\/posts\/143","targetHints":{"allow":["GET"]}}],"collection":[{"href":"https:\/\/primariarovinari.ro\/old\/wp-json\/wp\/v2\/posts"}],"about":[{"href":"https:\/\/primariarovinari.ro\/old\/wp-json\/wp\/v2\/types\/post"}],"author":[{"embeddable":true,"href":"https:\/\/primariarovinari.ro\/old\/wp-json\/wp\/v2\/users\/1001008"}],"replies":[{"embeddable":true,"href":"https:\/\/primariarovinari.ro\/old\/wp-json\/wp\/v2\/comments?post=143"}],"version-history":[{"count":0,"href":"https:\/\/primariarovinari.ro\/old\/wp-json\/wp\/v2\/posts\/143\/revisions"}],"wp:attachment":[{"href":"https:\/\/primariarovinari.ro\/old\/wp-json\/wp\/v2\/media?parent=143"}],"wp:term":[{"taxonomy":"category","embeddable":true,"href":"https:\/\/primariarovinari.ro\/old\/wp-json\/wp\/v2\/categories?post=143"},{"taxonomy":"post_tag","embeddable":true,"href":"https:\/\/primariarovinari.ro\/old\/wp-json\/wp\/v2\/tags?post=143"}],"curies":[{"name":"wp","href":"https:\/\/api.w.org\/{rel}","templated":true}]}}