{"id":1419,"date":"2010-05-13T13:18:16","date_gmt":"2010-05-13T11:18:16","guid":{"rendered":"http:\/\/www.primariarovinari.ro\/?p=1419"},"modified":"2010-06-07T09:09:54","modified_gmt":"2010-06-07T07:09:54","slug":"ziua-eroilor-comemorata-de-autoritati","status":"publish","type":"post","link":"https:\/\/primariarovinari.ro\/old\/2010\/05\/ziua-eroilor-comemorata-de-autoritati\/","title":{"rendered":"Ziua Eroilor comemorat\u0103 de autorit\u0103\u0163i"},"content":{"rendered":"<p style=\"text-align: justify;\"><a href=\"http:\/\/www.primariarovinari.ro\/wp-content\/uploads\/2010\/05\/Ziua-eroilor-10.jpg\"><img loading=\"lazy\" decoding=\"async\" class=\"alignleft size-medium wp-image-1420\" title=\"Ziua Eroilor\" src=\"http:\/\/www.primariarovinari.ro\/wp-content\/uploads\/2010\/05\/Ziua-eroilor-10-300x168.jpg\" alt=\"\" width=\"300\" height=\"168\" srcset=\"https:\/\/primariarovinari.ro\/old\/wp-content\/uploads\/2010\/05\/Ziua-eroilor-10-300x168.jpg 300w, https:\/\/primariarovinari.ro\/old\/wp-content\/uploads\/2010\/05\/Ziua-eroilor-10.jpg 1024w\" sizes=\"auto, (max-width: 300px) 100vw, 300px\" \/><\/a>Joi 13 mai 2010, cu ocazia Zilei Eroilor, Prim\u0103ria ora\u015fului Rovinari reprezentat\u0103 de Viceprimarul Chivu Lauren\u0163iu, a depus o coroan\u0103 de flori la Troi\u0163a Monument Ridicat \u00een Cinstea Eroilor, din curtea Catedralei Ortodoxe Rovinari.<\/p>\n<p style=\"text-align: justify;\">Astfel, dup\u0103 s\u0103v\u00e2r\u015firea slujbei de \u00cen\u0103l\u0163are a Domnului, preotul, \u00eempreun\u0103 cu credincio\u015fii, au ie\u015fit \u00een curtea bisericii unde au \u0163inut o slujb\u0103 pentru comemorarea eroilor rom\u00e2ni care au murit pentru patrie.<\/p>\n<p style=\"text-align: justify;\">Viceprimarul Chivu Lauren\u0163iu a declarat: <em>\u201eComemorarea celor care \u015fi-au jertfit via\u0163a pentru Rom\u00e2nia, protejarea mormintelor lor aflate \u00een \u0163ar\u0103 sau pe meleaguri str\u0103ine, sunt datorii sacre ale statului \u015fi ale fiec\u0103rui cet\u0103\u0163ean. \u00cen aceast\u0103 zi sf\u00e2nt\u0103 trebuie s\u0103 ne plec\u0103m, cu ad\u00e2nc\u0103 smerenie, \u00een fa\u0163a mul\u0163imii de eroi ai Neamului, pres\u0103r\u00e2nd pe mormintele \u015fi monumentele lor lacrimile recuno\u015ftin\u0163ei, aprinz\u00e2nd o lum\u00e2nare care s\u0103 le lumineze calea \u00een ve\u015fnicie\u201d<\/em>. Nu este singura zi \u00een care sunt pomeni\u0163i eroii, biserica pomene\u015fte la fiecare slujb\u0103 pe osta\u015fii rom\u00e2ni c\u0103zu\u0163i pe c\u00e2mpurile de lupt\u0103.<\/p>\n<p style=\"text-align: justify;\"><!--more-->Mai trebuie spus c\u0103 la sf\u00e2r\u015fitul slujbei s-a c\u00e2ntat \u015fi imnul de stat al Rom\u00e2niei, de c\u0103tre to\u0163i cei care au luat parte la acest eveniment.<\/p>\n<p style=\"text-align: center;\"><object style=\"width: 350px; height: 256px;\" classid=\"clsid:d27cdb6e-ae6d-11cf-96b8-444553540000\" width=\"350\" height=\"256\" codebase=\"http:\/\/download.macromedia.com\/pub\/shockwave\/cabs\/flash\/swflash.cab#version=6,0,40,0\"><param name=\"quality\" value=\"best\" \/><param name=\"src\" value=\"http:\/\/www.youtube.com\/v\/cVW6Arrx0og\" \/><param name=\"vspace\" value=\"10\" \/><param name=\"hspace\" value=\"10\" \/><embed style=\"width: 350px; height: 256px;\" type=\"application\/x-shockwave-flash\" width=\"350\" height=\"256\" src=\"http:\/\/www.youtube.com\/v\/cVW6Arrx0og\" hspace=\"10\" vspace=\"10\" quality=\"best\"><\/embed><\/object> ngg_shortcode_0_placeholder<\/p>\n","protected":false},"excerpt":{"rendered":"<p>Joi 13 mai 2010, cu ocazia Zilei Eroilor, Prim\u0103ria ora\u015fului Rovinari reprezentat\u0103 de Viceprimarul Chivu Lauren\u0163iu, a depus o coroan\u0103 de flori la Troi\u0163a Monument Ridicat \u00een Cinstea Eroilor, din curtea Catedralei Ortodoxe Rovinari. Astfel, dup\u0103 s\u0103v\u00e2r\u015firea slujbei de \u00cen\u0103l\u0163are a Domnului, preotul, \u00eempreun\u0103 cu credincio\u015fii, au ie\u015fit \u00een curtea bisericii unde au \u0163inut o [&hellip;]<\/p>\n","protected":false},"author":1001008,"featured_media":0,"comment_status":"open","ping_status":"open","sticky":false,"template":"","format":"standard","meta":{"ngg_post_thumbnail":0,"footnotes":""},"categories":[4],"tags":[201,200],"class_list":["post-1419","post","type-post","status-publish","format-standard","hentry","category-informatii-locale","tag-eroii-neamului","tag-ziua-eroilor"],"_links":{"self":[{"href":"https:\/\/primariarovinari.ro\/old\/wp-json\/wp\/v2\/posts\/1419","targetHints":{"allow":["GET"]}}],"collection":[{"href":"https:\/\/primariarovinari.ro\/old\/wp-json\/wp\/v2\/posts"}],"about":[{"href":"https:\/\/primariarovinari.ro\/old\/wp-json\/wp\/v2\/types\/post"}],"author":[{"embeddable":true,"href":"https:\/\/primariarovinari.ro\/old\/wp-json\/wp\/v2\/users\/1001008"}],"replies":[{"embeddable":true,"href":"https:\/\/primariarovinari.ro\/old\/wp-json\/wp\/v2\/comments?post=1419"}],"version-history":[{"count":0,"href":"https:\/\/primariarovinari.ro\/old\/wp-json\/wp\/v2\/posts\/1419\/revisions"}],"wp:attachment":[{"href":"https:\/\/primariarovinari.ro\/old\/wp-json\/wp\/v2\/media?parent=1419"}],"wp:term":[{"taxonomy":"category","embeddable":true,"href":"https:\/\/primariarovinari.ro\/old\/wp-json\/wp\/v2\/categories?post=1419"},{"taxonomy":"post_tag","embeddable":true,"href":"https:\/\/primariarovinari.ro\/old\/wp-json\/wp\/v2\/tags?post=1419"}],"curies":[{"name":"wp","href":"https:\/\/api.w.org\/{rel}","templated":true}]}}