{"id":14067,"date":"2018-01-16T14:44:28","date_gmt":"2018-01-16T12:44:28","guid":{"rendered":"http:\/\/www.primariarovinari.ro\/?p=14067"},"modified":"2018-01-16T14:44:28","modified_gmt":"2018-01-16T12:44:28","slug":"grupul-de-actiune-locala-sudul-gorjului-anunta-lansarea-apelurilor-de-selectie","status":"publish","type":"post","link":"https:\/\/primariarovinari.ro\/old\/2018\/01\/grupul-de-actiune-locala-sudul-gorjului-anunta-lansarea-apelurilor-de-selectie\/","title":{"rendered":"Grupul de Ac\u021biune Local\u0103 Sudul Gorjului anun\u021b\u0103 lansarea apelurilor de selec\u021bie"},"content":{"rendered":"<p>Grupul de Ac\u021biune Local\u0103 Sudul Gorjului anun\u021b\u0103 lansarea apelurilor de selec\u021bie a proiectelor pe urm\u0103toarele m\u0103suri:<\/p>\n<ul>\n<li><strong>M 2.1\/2A \u2013 Performan<\/strong><strong>\u021b<\/strong><strong>e economice <\/strong><strong>\u00ee<\/strong><strong>mbun<\/strong><strong>\u0103<\/strong><strong>t<\/strong><strong>\u0103<\/strong><strong>\u021b<\/strong><strong>ite pentru fermele din teritoriu<\/strong><\/li>\n<li><strong>M 2.2\/2B &#8211; Acces facil \u00een domeniul agricol al unor fermieri califica<\/strong><strong>\u021b<\/strong><strong>i <\/strong><strong>\u0219<\/strong><strong>i re<\/strong><strong>\u00ee<\/strong><strong>nnoirea genera<\/strong><strong>\u021b<\/strong><strong>iilor<\/strong><\/li>\n<li><strong>M\u0103sura 3.1\/6A \u2013 <\/strong><strong>Dezvoltarea activit\u0103\u021bilor non-agricole \u00een teritoriul GAL<\/strong><\/li>\n<\/ul>\n<p>Pentru mai multe detalii accesa\u021bi documentele urm\u0103toare:<\/p>\n<p><a href=\"http:\/\/www.primariarovinari.ro\/2018\/01\/grupul-de-actiune-locala-sudul-gorjului-anunta-lansarea-apelurilor-de-selectie\/anuntscurt_m_2-1_decembrie-2017\/\" rel=\"attachment wp-att-14068\">AnuntScurt_M_2.1_decembrie 2017<\/a><\/p>\n<p><a href=\"http:\/\/www.primariarovinari.ro\/2018\/01\/grupul-de-actiune-locala-sudul-gorjului-anunta-lansarea-apelurilor-de-selectie\/anuntscurt_m_2-2_decembrie-2017\/\" rel=\"attachment wp-att-14069\">AnuntScurt_M_2.2_decembrie 2017<\/a><\/p>\n<p><a href=\"http:\/\/www.primariarovinari.ro\/2018\/01\/grupul-de-actiune-locala-sudul-gorjului-anunta-lansarea-apelurilor-de-selectie\/anuntsimplificat_m3-1_6a_decembrie-2017\/\" rel=\"attachment wp-att-14070\">AnuntSimplificat_M3.1_6A_decembrie 2017<\/a><\/p>\n","protected":false},"excerpt":{"rendered":"<p>Grupul de Ac\u021biune Local\u0103 Sudul Gorjului anun\u021b\u0103 lansarea apelurilor de selec\u021bie a proiectelor pe urm\u0103toarele m\u0103suri: M 2.1\/2A \u2013 Performan\u021be economice \u00eembun\u0103t\u0103\u021bite pentru fermele din teritoriu M 2.2\/2B &#8211; Acces facil \u00een domeniul agricol al unor fermieri califica\u021bi \u0219i re\u00eennoirea genera\u021biilor M\u0103sura 3.1\/6A \u2013 Dezvoltarea activit\u0103\u021bilor non-agricole \u00een teritoriul GAL Pentru mai multe detalii accesa\u021bi [&hellip;]<\/p>\n","protected":false},"author":1001022,"featured_media":0,"comment_status":"open","ping_status":"open","sticky":false,"template":"","format":"standard","meta":{"ngg_post_thumbnail":0,"footnotes":""},"categories":[378],"tags":[],"class_list":["post-14067","post","type-post","status-publish","format-standard","hentry","category-avizier-public-electronic"],"_links":{"self":[{"href":"https:\/\/primariarovinari.ro\/old\/wp-json\/wp\/v2\/posts\/14067","targetHints":{"allow":["GET"]}}],"collection":[{"href":"https:\/\/primariarovinari.ro\/old\/wp-json\/wp\/v2\/posts"}],"about":[{"href":"https:\/\/primariarovinari.ro\/old\/wp-json\/wp\/v2\/types\/post"}],"author":[{"embeddable":true,"href":"https:\/\/primariarovinari.ro\/old\/wp-json\/wp\/v2\/users\/1001022"}],"replies":[{"embeddable":true,"href":"https:\/\/primariarovinari.ro\/old\/wp-json\/wp\/v2\/comments?post=14067"}],"version-history":[{"count":0,"href":"https:\/\/primariarovinari.ro\/old\/wp-json\/wp\/v2\/posts\/14067\/revisions"}],"wp:attachment":[{"href":"https:\/\/primariarovinari.ro\/old\/wp-json\/wp\/v2\/media?parent=14067"}],"wp:term":[{"taxonomy":"category","embeddable":true,"href":"https:\/\/primariarovinari.ro\/old\/wp-json\/wp\/v2\/categories?post=14067"},{"taxonomy":"post_tag","embeddable":true,"href":"https:\/\/primariarovinari.ro\/old\/wp-json\/wp\/v2\/tags?post=14067"}],"curies":[{"name":"wp","href":"https:\/\/api.w.org\/{rel}","templated":true}]}}