{"id":13951,"date":"2017-11-06T14:15:26","date_gmt":"2017-11-06T12:15:26","guid":{"rendered":"http:\/\/www.primariarovinari.ro\/?p=13951"},"modified":"2017-11-06T15:07:20","modified_gmt":"2017-11-06T13:07:20","slug":"anunt-27","status":"publish","type":"post","link":"https:\/\/primariarovinari.ro\/old\/2017\/11\/anunt-27\/","title":{"rendered":"ANUN\u021a"},"content":{"rendered":"<p>&nbsp;<\/p>\n<p>&nbsp;<\/p>\n<p><img loading=\"lazy\" decoding=\"async\" class=\"alignnone wp-image-13952\" src=\"http:\/\/www.primariarovinari.ro\/wp-content\/uploads\/2017\/11\/dripping-sink1-168x112.jpg\" alt=\"\" width=\"725\" height=\"483\" srcset=\"https:\/\/primariarovinari.ro\/old\/wp-content\/uploads\/2017\/11\/dripping-sink1-168x112.jpg 168w, https:\/\/primariarovinari.ro\/old\/wp-content\/uploads\/2017\/11\/dripping-sink1-768x512.jpg 768w, https:\/\/primariarovinari.ro\/old\/wp-content\/uploads\/2017\/11\/dripping-sink1-1024x683.jpg 1024w\" sizes=\"auto, (max-width: 725px) 100vw, 725px\" \/><\/p>\n<p>&nbsp;<\/p>\n<p>Prim\u0103ria Ora\u0219ului Rovinari informeaz\u0103 utilizatorii serviciilor de alimentare cu ap\u0103 c\u0103 \u00een intervalul luni 06.11.2017 \u2013 luni 13.11.2017 , ora 24:00 se va sista furnizarea cu ap\u0103 din sursa Izvarna\u00a0 \u00een scopul remedierii unei avarii la conducta de transport a apei potabile Ivarna-Craiova produs\u0103 \u00een localitatea V\u00eer\u021b, jude\u021bul Gorj.<\/p>\n<p><strong>Men\u021bion\u0103m c\u0103 \u00eentreruperea aliment\u0103rii cu ap\u0103 are loc in cartierul V\u00eer\u021b, ora\u0219ul Rovinari nefiind afectat.<\/strong><\/p>\n<p>Ne cerem scuze pentru nepl\u0103cerile create.<\/p>\n<p>&nbsp;<\/p>\n<p>&nbsp;<\/p>\n","protected":false},"excerpt":{"rendered":"<p>&nbsp; &nbsp; &nbsp; Prim\u0103ria Ora\u0219ului Rovinari informeaz\u0103 utilizatorii serviciilor de alimentare cu ap\u0103 c\u0103 \u00een intervalul luni 06.11.2017 \u2013 luni 13.11.2017 , ora 24:00 se va sista furnizarea cu ap\u0103 din sursa Izvarna\u00a0 \u00een scopul remedierii unei avarii la conducta de transport a apei potabile Ivarna-Craiova produs\u0103 \u00een localitatea V\u00eer\u021b, jude\u021bul Gorj. Men\u021bion\u0103m c\u0103 \u00eentreruperea [&hellip;]<\/p>\n","protected":false},"author":1001009,"featured_media":0,"comment_status":"open","ping_status":"open","sticky":false,"template":"","format":"standard","meta":{"ngg_post_thumbnail":0,"footnotes":""},"categories":[9],"tags":[],"class_list":["post-13951","post","type-post","status-publish","format-standard","hentry","category-anunturi"],"_links":{"self":[{"href":"https:\/\/primariarovinari.ro\/old\/wp-json\/wp\/v2\/posts\/13951","targetHints":{"allow":["GET"]}}],"collection":[{"href":"https:\/\/primariarovinari.ro\/old\/wp-json\/wp\/v2\/posts"}],"about":[{"href":"https:\/\/primariarovinari.ro\/old\/wp-json\/wp\/v2\/types\/post"}],"author":[{"embeddable":true,"href":"https:\/\/primariarovinari.ro\/old\/wp-json\/wp\/v2\/users\/1001009"}],"replies":[{"embeddable":true,"href":"https:\/\/primariarovinari.ro\/old\/wp-json\/wp\/v2\/comments?post=13951"}],"version-history":[{"count":0,"href":"https:\/\/primariarovinari.ro\/old\/wp-json\/wp\/v2\/posts\/13951\/revisions"}],"wp:attachment":[{"href":"https:\/\/primariarovinari.ro\/old\/wp-json\/wp\/v2\/media?parent=13951"}],"wp:term":[{"taxonomy":"category","embeddable":true,"href":"https:\/\/primariarovinari.ro\/old\/wp-json\/wp\/v2\/categories?post=13951"},{"taxonomy":"post_tag","embeddable":true,"href":"https:\/\/primariarovinari.ro\/old\/wp-json\/wp\/v2\/tags?post=13951"}],"curies":[{"name":"wp","href":"https:\/\/api.w.org\/{rel}","templated":true}]}}