{"id":139,"date":"2008-10-01T11:46:52","date_gmt":"2008-10-01T09:46:52","guid":{"rendered":"http:\/\/www.primariarovinari.ro\/?p=139"},"modified":"2010-03-16T11:47:08","modified_gmt":"2010-03-16T09:47:08","slug":"ziua-recoltei-la-rovinari","status":"publish","type":"post","link":"https:\/\/primariarovinari.ro\/old\/2008\/10\/ziua-recoltei-la-rovinari\/","title":{"rendered":"Ziua Recoltei la Rovinari"},"content":{"rendered":"<p style=\"text-align: justify;\"><span style=\"font-family: book antiqua,palatino;\"><a href=\"http:\/\/www.primariarovinari.ro\/wp-content\/uploads\/2010\/03\/zrecoltei_2008b.jpg\"><img loading=\"lazy\" decoding=\"async\" class=\"alignright size-medium wp-image-140\" title=\"zrecoltei_2008b\" src=\"http:\/\/www.primariarovinari.ro\/wp-content\/uploads\/2010\/03\/zrecoltei_2008b-300x225.jpg\" alt=\"\" width=\"300\" height=\"225\" srcset=\"https:\/\/primariarovinari.ro\/old\/wp-content\/uploads\/2010\/03\/zrecoltei_2008b-300x225.jpg 300w, https:\/\/primariarovinari.ro\/old\/wp-content\/uploads\/2010\/03\/zrecoltei_2008b.jpg 800w\" sizes=\"auto, (max-width: 300px) 100vw, 300px\" \/><\/a>Consiliul Local Rovinari si Prim\u00e3ria  Orasului Rovinari \u00een colaborare cu Casa de Cultura Rovinari au organizat  in zilele de 4 si 5 octombrie, manifestarea culturala specifica  toamnei, \u201eZiua Recoltei\u201d.<br \/>\nActivitatile din cadrul manifestarii  au avut loc in Piata Agroalimentara din oras. Deschiderea oficiala a  manifestarii a fost facuta de catre Primarul Dorin Filip, s\u00e2mb\u00e2ta  \u00eencep\u00e2nd cu ora 11, fiind urmata de un program artistic de <\/span><span style=\"font-family: book antiqua,palatino;\">muzica populara. <\/span><\/p>\n<p style=\"text-align: justify;\"><span style=\"font-family: book antiqua,palatino;\">Standurile din piata au fost  amenajate astfel \u00eenc\u00e2t producatorii agricoli individuali de fructe si  legume din judet si din regiune, sa-si desfasoare activitatea \u00een incinta  pietei \u00eentr-un cadru specific acestei sarbatori. <\/span><\/p>\n","protected":false},"excerpt":{"rendered":"<p>Consiliul Local Rovinari si Prim\u00e3ria Orasului Rovinari \u00een colaborare cu Casa de Cultura Rovinari au organizat in zilele de 4 si 5 octombrie, manifestarea culturala specifica toamnei, \u201eZiua Recoltei\u201d. Activitatile din cadrul manifestarii au avut loc in Piata Agroalimentara din oras. Deschiderea oficiala a manifestarii a fost facuta de catre Primarul Dorin Filip, s\u00e2mb\u00e2ta \u00eencep\u00e2nd [&hellip;]<\/p>\n","protected":false},"author":1001008,"featured_media":0,"comment_status":"open","ping_status":"open","sticky":false,"template":"","format":"standard","meta":{"ngg_post_thumbnail":0,"footnotes":""},"categories":[4],"tags":[21,20],"class_list":["post-139","post","type-post","status-publish","format-standard","hentry","category-informatii-locale","tag-piata-centrala","tag-ziua-recoltei"],"_links":{"self":[{"href":"https:\/\/primariarovinari.ro\/old\/wp-json\/wp\/v2\/posts\/139","targetHints":{"allow":["GET"]}}],"collection":[{"href":"https:\/\/primariarovinari.ro\/old\/wp-json\/wp\/v2\/posts"}],"about":[{"href":"https:\/\/primariarovinari.ro\/old\/wp-json\/wp\/v2\/types\/post"}],"author":[{"embeddable":true,"href":"https:\/\/primariarovinari.ro\/old\/wp-json\/wp\/v2\/users\/1001008"}],"replies":[{"embeddable":true,"href":"https:\/\/primariarovinari.ro\/old\/wp-json\/wp\/v2\/comments?post=139"}],"version-history":[{"count":0,"href":"https:\/\/primariarovinari.ro\/old\/wp-json\/wp\/v2\/posts\/139\/revisions"}],"wp:attachment":[{"href":"https:\/\/primariarovinari.ro\/old\/wp-json\/wp\/v2\/media?parent=139"}],"wp:term":[{"taxonomy":"category","embeddable":true,"href":"https:\/\/primariarovinari.ro\/old\/wp-json\/wp\/v2\/categories?post=139"},{"taxonomy":"post_tag","embeddable":true,"href":"https:\/\/primariarovinari.ro\/old\/wp-json\/wp\/v2\/tags?post=139"}],"curies":[{"name":"wp","href":"https:\/\/api.w.org\/{rel}","templated":true}]}}