{"id":13747,"date":"2017-09-11T19:40:32","date_gmt":"2017-09-11T17:40:32","guid":{"rendered":"http:\/\/www.primariarovinari.ro\/?p=13747"},"modified":"2017-09-13T19:41:02","modified_gmt":"2017-09-13T17:41:02","slug":"festivitatea-de-deschidere-a-noului-an-scolar-in-rovinari","status":"publish","type":"post","link":"https:\/\/primariarovinari.ro\/old\/2017\/09\/festivitatea-de-deschidere-a-noului-an-scolar-in-rovinari\/","title":{"rendered":"Festivitatea de Deschidere a Noului An Scolar in Rovinari"},"content":{"rendered":"<p>Ast\u0103zi a avut loc Festivitatea de Deschidere a Noului An \u0218colar la Colegiul \u201eGheorghe T\u0103t\u0103rescu\u201c Rovinari, Scoala Generala Nr.1 si Scoala Generala nr. 3 un nou an \u015fcolar pe care ni-l dorim cu to\u0163ii altfel, mai bun, mai frumos \u015fi cu rezultate care s\u0103 ne permit\u0103 s\u0103 mergem mai departe cu fruntea sus al\u0103turi de comunitatea local\u0103, elevi \u015fi profesori.<br \/>\n\u00cencepem, a\u0219adar, un an \u0219colar cu speran\u021ba succesului pentru fiecare elev, cu dorin\u021ba de \u00eemplinire pentru dasc\u0103lii no\u0219tri \u0219i cu hot<span class=\"text_exposed_show\">\u0103r\u00e2rea de a parcurge \u00een totalitate agenda comuna. Ne \u00eendrept\u0103m aten\u021bia asupra fiec\u0103rui elev, pentru c\u0103 fiecare dintre ei este important \u0219i dorim ca aceast\u0103 afirma\u021bie s\u0103 devin\u0103 o realitate a experien\u021belor pe care elevii din orasul nostru le tr\u0103iesc \u00een \u0219coal\u0103. Avem convingerea c\u0103 fiecare elev poate fi un \u00eenving\u0103tor \u0219i credem cu t\u0103rie \u00een profesionalismul \u0219i expertiza profesorilor no\u0219tri.<br \/>\nIn calitate de Primar, am fost \u00eencontinuu al\u0103turi de comunitatea scolar\u0103 din ora\u0219ul nostru \u0219i impreun\u0103 cu aparatul propriu al Prim\u0103riei ora\u0219ului Rovinari si Consiliul Local Rovinari am urm\u0103rit dezvoltarea si modernizarea bazei materiale a unitatilor scolare din ora\u0219 \u0219i am asigurat cele mai bune condi\u021bii de studiu pentru elevi.<br \/>\nBun venit la scoala dragi elevi \u0219i profesori \u0219i mult succes in noul an scolar.<\/span><\/p>\n<div class=\"text_exposed_show\">\n<p>Cu deosebita considera\u021bie,<br \/>\nPrimar,<br \/>\nJr. Robert Dorin Filip<\/p>\n<p><a href=\"http:\/\/www.primariarovinari.ro\/wp-content\/uploads\/2017\/09\/antet2.jpg\"><img loading=\"lazy\" decoding=\"async\" class=\"alignnone size-medium wp-image-13755\" src=\"http:\/\/www.primariarovinari.ro\/wp-content\/uploads\/2017\/09\/antet2-168x112.jpg\" alt=\"\" width=\"168\" height=\"112\" srcset=\"https:\/\/primariarovinari.ro\/old\/wp-content\/uploads\/2017\/09\/antet2-168x112.jpg 168w, https:\/\/primariarovinari.ro\/old\/wp-content\/uploads\/2017\/09\/antet2-768x512.jpg 768w, https:\/\/primariarovinari.ro\/old\/wp-content\/uploads\/2017\/09\/antet2.jpg 960w\" sizes=\"auto, (max-width: 168px) 100vw, 168px\" \/><\/a> <a href=\"http:\/\/www.primariarovinari.ro\/wp-content\/uploads\/2017\/09\/21433139_1473938922687055_2400612220706729414_n.jpg\"><img loading=\"lazy\" decoding=\"async\" class=\"alignnone size-medium wp-image-13749\" src=\"http:\/\/www.primariarovinari.ro\/wp-content\/uploads\/2017\/09\/21433139_1473938922687055_2400612220706729414_n-168x112.jpg\" alt=\"\" width=\"168\" height=\"112\" srcset=\"https:\/\/primariarovinari.ro\/old\/wp-content\/uploads\/2017\/09\/21433139_1473938922687055_2400612220706729414_n-168x112.jpg 168w, https:\/\/primariarovinari.ro\/old\/wp-content\/uploads\/2017\/09\/21433139_1473938922687055_2400612220706729414_n-768x512.jpg 768w, https:\/\/primariarovinari.ro\/old\/wp-content\/uploads\/2017\/09\/21433139_1473938922687055_2400612220706729414_n.jpg 960w\" sizes=\"auto, (max-width: 168px) 100vw, 168px\" \/><\/a> <a href=\"http:\/\/www.primariarovinari.ro\/wp-content\/uploads\/2017\/09\/21463105_1473938886020392_5440059288581658082_n.jpg\"><img loading=\"lazy\" decoding=\"async\" class=\"alignnone size-medium wp-image-13751\" src=\"http:\/\/www.primariarovinari.ro\/wp-content\/uploads\/2017\/09\/21463105_1473938886020392_5440059288581658082_n-168x112.jpg\" alt=\"\" width=\"168\" height=\"112\" srcset=\"https:\/\/primariarovinari.ro\/old\/wp-content\/uploads\/2017\/09\/21463105_1473938886020392_5440059288581658082_n-168x112.jpg 168w, https:\/\/primariarovinari.ro\/old\/wp-content\/uploads\/2017\/09\/21463105_1473938886020392_5440059288581658082_n-768x512.jpg 768w, https:\/\/primariarovinari.ro\/old\/wp-content\/uploads\/2017\/09\/21463105_1473938886020392_5440059288581658082_n.jpg 960w\" sizes=\"auto, (max-width: 168px) 100vw, 168px\" \/><\/a> <a href=\"http:\/\/www.primariarovinari.ro\/wp-content\/uploads\/2017\/09\/21616290_1473938776020403_8232018554319426701_n.jpg\"><img loading=\"lazy\" decoding=\"async\" class=\"alignnone size-medium wp-image-13752\" src=\"http:\/\/www.primariarovinari.ro\/wp-content\/uploads\/2017\/09\/21616290_1473938776020403_8232018554319426701_n-168x112.jpg\" alt=\"\" width=\"168\" height=\"112\" srcset=\"https:\/\/primariarovinari.ro\/old\/wp-content\/uploads\/2017\/09\/21616290_1473938776020403_8232018554319426701_n-168x112.jpg 168w, https:\/\/primariarovinari.ro\/old\/wp-content\/uploads\/2017\/09\/21616290_1473938776020403_8232018554319426701_n-768x512.jpg 768w, https:\/\/primariarovinari.ro\/old\/wp-content\/uploads\/2017\/09\/21616290_1473938776020403_8232018554319426701_n.jpg 960w\" sizes=\"auto, (max-width: 168px) 100vw, 168px\" \/><\/a> <a href=\"http:\/\/www.primariarovinari.ro\/wp-content\/uploads\/2017\/09\/21616410_1473938926020388_1276564551936001309_n.jpg\"><img loading=\"lazy\" decoding=\"async\" class=\"alignnone size-medium wp-image-13753\" src=\"http:\/\/www.primariarovinari.ro\/wp-content\/uploads\/2017\/09\/21616410_1473938926020388_1276564551936001309_n-168x112.jpg\" alt=\"\" width=\"168\" height=\"112\" srcset=\"https:\/\/primariarovinari.ro\/old\/wp-content\/uploads\/2017\/09\/21616410_1473938926020388_1276564551936001309_n-168x112.jpg 168w, https:\/\/primariarovinari.ro\/old\/wp-content\/uploads\/2017\/09\/21616410_1473938926020388_1276564551936001309_n-768x512.jpg 768w, https:\/\/primariarovinari.ro\/old\/wp-content\/uploads\/2017\/09\/21616410_1473938926020388_1276564551936001309_n.jpg 960w\" sizes=\"auto, (max-width: 168px) 100vw, 168px\" \/><\/a> <a href=\"http:\/\/www.primariarovinari.ro\/wp-content\/uploads\/2017\/09\/21686175_1473938856020395_3879132904451937639_n.jpg\"><img loading=\"lazy\" decoding=\"async\" class=\"alignnone size-medium wp-image-13754\" src=\"http:\/\/www.primariarovinari.ro\/wp-content\/uploads\/2017\/09\/21686175_1473938856020395_3879132904451937639_n-168x112.jpg\" alt=\"\" width=\"168\" height=\"112\" srcset=\"https:\/\/primariarovinari.ro\/old\/wp-content\/uploads\/2017\/09\/21686175_1473938856020395_3879132904451937639_n-168x112.jpg 168w, https:\/\/primariarovinari.ro\/old\/wp-content\/uploads\/2017\/09\/21686175_1473938856020395_3879132904451937639_n-768x512.jpg 768w, https:\/\/primariarovinari.ro\/old\/wp-content\/uploads\/2017\/09\/21686175_1473938856020395_3879132904451937639_n.jpg 960w\" sizes=\"auto, (max-width: 168px) 100vw, 168px\" \/><\/a><a href=\"http:\/\/www.primariarovinari.ro\/wp-content\/uploads\/2017\/09\/21433015_1473938862687061_6789774143292315023_n.jpg\"><img loading=\"lazy\" decoding=\"async\" class=\"alignnone size-medium wp-image-13748\" src=\"http:\/\/www.primariarovinari.ro\/wp-content\/uploads\/2017\/09\/21433015_1473938862687061_6789774143292315023_n-168x112.jpg\" alt=\"\" width=\"168\" height=\"112\" srcset=\"https:\/\/primariarovinari.ro\/old\/wp-content\/uploads\/2017\/09\/21433015_1473938862687061_6789774143292315023_n-168x112.jpg 168w, https:\/\/primariarovinari.ro\/old\/wp-content\/uploads\/2017\/09\/21433015_1473938862687061_6789774143292315023_n-768x512.jpg 768w, https:\/\/primariarovinari.ro\/old\/wp-content\/uploads\/2017\/09\/21433015_1473938862687061_6789774143292315023_n.jpg 960w\" sizes=\"auto, (max-width: 168px) 100vw, 168px\" \/><\/a><\/p>\n<\/div>\n","protected":false},"excerpt":{"rendered":"<p>Ast\u0103zi a avut loc Festivitatea de Deschidere a Noului An \u0218colar la Colegiul \u201eGheorghe T\u0103t\u0103rescu\u201c Rovinari, Scoala Generala Nr.1 si Scoala Generala nr. 3 un nou an \u015fcolar pe care ni-l dorim cu to\u0163ii altfel, mai bun, mai frumos \u015fi cu rezultate care s\u0103 ne permit\u0103 s\u0103 mergem mai departe cu fruntea sus al\u0103turi de [&hellip;]<\/p>\n","protected":false},"author":1001008,"featured_media":0,"comment_status":"open","ping_status":"open","sticky":false,"template":"","format":"standard","meta":{"ngg_post_thumbnail":0,"footnotes":""},"categories":[9],"tags":[],"class_list":["post-13747","post","type-post","status-publish","format-standard","hentry","category-anunturi"],"_links":{"self":[{"href":"https:\/\/primariarovinari.ro\/old\/wp-json\/wp\/v2\/posts\/13747","targetHints":{"allow":["GET"]}}],"collection":[{"href":"https:\/\/primariarovinari.ro\/old\/wp-json\/wp\/v2\/posts"}],"about":[{"href":"https:\/\/primariarovinari.ro\/old\/wp-json\/wp\/v2\/types\/post"}],"author":[{"embeddable":true,"href":"https:\/\/primariarovinari.ro\/old\/wp-json\/wp\/v2\/users\/1001008"}],"replies":[{"embeddable":true,"href":"https:\/\/primariarovinari.ro\/old\/wp-json\/wp\/v2\/comments?post=13747"}],"version-history":[{"count":0,"href":"https:\/\/primariarovinari.ro\/old\/wp-json\/wp\/v2\/posts\/13747\/revisions"}],"wp:attachment":[{"href":"https:\/\/primariarovinari.ro\/old\/wp-json\/wp\/v2\/media?parent=13747"}],"wp:term":[{"taxonomy":"category","embeddable":true,"href":"https:\/\/primariarovinari.ro\/old\/wp-json\/wp\/v2\/categories?post=13747"},{"taxonomy":"post_tag","embeddable":true,"href":"https:\/\/primariarovinari.ro\/old\/wp-json\/wp\/v2\/tags?post=13747"}],"curies":[{"name":"wp","href":"https:\/\/api.w.org\/{rel}","templated":true}]}}