{"id":1372,"date":"2010-05-10T14:20:00","date_gmt":"2010-05-10T12:20:00","guid":{"rendered":"http:\/\/www.primariarovinari.ro\/?p=1372"},"modified":"2010-05-10T14:49:19","modified_gmt":"2010-05-10T12:49:19","slug":"ziua-europei-aniversata-si-de-elevii-din-rovinari","status":"publish","type":"post","link":"https:\/\/primariarovinari.ro\/old\/2010\/05\/ziua-europei-aniversata-si-de-elevii-din-rovinari\/","title":{"rendered":"Ziua Europei aniversat\u0103 \u015fi de elevii din Rovinari"},"content":{"rendered":"<p style=\"text-align: justify;\"><a href=\"http:\/\/www.primariarovinari.ro\/wp-content\/uploads\/2010\/05\/Ziua-Europei-2.jpg\"><img loading=\"lazy\" decoding=\"async\" class=\"alignright size-medium wp-image-1373\" title=\"9 mai 2010 Ziua Europei\" src=\"http:\/\/www.primariarovinari.ro\/wp-content\/uploads\/2010\/05\/Ziua-Europei-2-300x228.jpg\" alt=\"\" width=\"270\" height=\"205\" srcset=\"https:\/\/primariarovinari.ro\/old\/wp-content\/uploads\/2010\/05\/Ziua-Europei-2-300x228.jpg 300w, https:\/\/primariarovinari.ro\/old\/wp-content\/uploads\/2010\/05\/Ziua-Europei-2.jpg 757w\" sizes=\"auto, (max-width: 270px) 100vw, 270px\" \/><\/a>Elevii din clasele I-IV de la \u015ecoala General\u0103 Nr.1 \u015fi \u015ecoala General\u0103 Nr.3 au organizat vineri 7 mai 2010 o parad\u0103 \u00een care au s\u0103rb\u0103torit Ziua Europei. De\u015fi, 9 mai este Ziua Europei, ace\u015ftia au ales s\u0103 o aniverseze cu dou\u0103 zile mai devreme.<\/p>\n<p style=\"text-align: justify;\">Elevii \u00eenso\u0163i\u0163i de proprii \u00eenv\u0103\u0163\u0103tori, au pornit din fa\u0163a prim\u0103riei \u015fi au urmat traseul Bulevardul Minerilor &#8211; Parcul Central unde ar fi trebuit s\u0103 realizeze ni\u015fte desene pe asfalt reprezentative Zilei Europei, dar s-a renun\u0163at din cauza vremei. Pe tot parcursul paradei, elevii au purtat bannere, e\u015farfe \u015fi stegule\u0163e cu toate statele membre ale Uniunii Europene, dar \u015fi cu steagul Uniunii Europei.<\/p>\n<p style=\"text-align: justify;\"><!--more-->Duminic\u0103\u00a0 s-au \u00eemplinit 60 de ani de c\u00e2nd, la 9 mai 1950, ministrul francez de Externe, Robert Schuman, a pus bazele a ceea ce cunoa\u015ftem cu to\u0163ii acum drept Uniunea European\u0103. Schuman, considerat unul din fondatorii Europei Unite, a propus \u00eenfiin\u0163area unei comunit\u0103\u0163i a statelor de pe continent bazate pe un set de principii comune, care s\u0103 \u00eempiedice declan\u015farea unui nou r\u0103zboi \u015fi s\u0103 uneasc\u0103 for\u0163ele economice.<\/p>\n<p style=\"text-align: justify;\">\u00cen prezent Uniunea European\u0103 num\u0103r\u0103 27 de state, iar Rom\u00e2nia este membr\u0103 U.E. de la 01 ianuarie 2007.<\/p>\n<p style=\"text-align: justify;\">ngg_shortcode_0_placeholder<\/p>\n<p style=\"text-align: justify;\">\n","protected":false},"excerpt":{"rendered":"<p>Elevii din clasele I-IV de la \u015ecoala General\u0103 Nr.1 \u015fi \u015ecoala General\u0103 Nr.3 au organizat vineri 7 mai 2010 o parad\u0103 \u00een care au s\u0103rb\u0103torit Ziua Europei. De\u015fi, 9 mai este Ziua Europei, ace\u015ftia au ales s\u0103 o aniverseze cu dou\u0103 zile mai devreme. Elevii \u00eenso\u0163i\u0163i de proprii \u00eenv\u0103\u0163\u0103tori, au pornit din fa\u0163a prim\u0103riei \u015fi [&hellip;]<\/p>\n","protected":false},"author":1001008,"featured_media":0,"comment_status":"open","ping_status":"open","sticky":false,"template":"","format":"standard","meta":{"ngg_post_thumbnail":0,"footnotes":""},"categories":[151],"tags":[192,193],"class_list":["post-1372","post","type-post","status-publish","format-standard","hentry","category-informatii-publice","tag-9-mai","tag-ziua-europei"],"_links":{"self":[{"href":"https:\/\/primariarovinari.ro\/old\/wp-json\/wp\/v2\/posts\/1372","targetHints":{"allow":["GET"]}}],"collection":[{"href":"https:\/\/primariarovinari.ro\/old\/wp-json\/wp\/v2\/posts"}],"about":[{"href":"https:\/\/primariarovinari.ro\/old\/wp-json\/wp\/v2\/types\/post"}],"author":[{"embeddable":true,"href":"https:\/\/primariarovinari.ro\/old\/wp-json\/wp\/v2\/users\/1001008"}],"replies":[{"embeddable":true,"href":"https:\/\/primariarovinari.ro\/old\/wp-json\/wp\/v2\/comments?post=1372"}],"version-history":[{"count":0,"href":"https:\/\/primariarovinari.ro\/old\/wp-json\/wp\/v2\/posts\/1372\/revisions"}],"wp:attachment":[{"href":"https:\/\/primariarovinari.ro\/old\/wp-json\/wp\/v2\/media?parent=1372"}],"wp:term":[{"taxonomy":"category","embeddable":true,"href":"https:\/\/primariarovinari.ro\/old\/wp-json\/wp\/v2\/categories?post=1372"},{"taxonomy":"post_tag","embeddable":true,"href":"https:\/\/primariarovinari.ro\/old\/wp-json\/wp\/v2\/tags?post=1372"}],"curies":[{"name":"wp","href":"https:\/\/api.w.org\/{rel}","templated":true}]}}