{"id":13490,"date":"2017-07-19T08:55:18","date_gmt":"2017-07-19T06:55:18","guid":{"rendered":"http:\/\/www.primariarovinari.ro\/?p=13490"},"modified":"2017-07-19T08:55:18","modified_gmt":"2017-07-19T06:55:18","slug":"13490","status":"publish","type":"post","link":"https:\/\/primariarovinari.ro\/old\/2017\/07\/13490\/","title":{"rendered":""},"content":{"rendered":"<p>Prim\u0103ria \u0219i Consiliul Local Rovinari, cu mare durere \u00ee\u0219i iau r\u0103mas bun de la OMUL, distinsa prieten\u0103 \u0219i deosebita coleg\u0103 EMANUELA-FLAVIA \u0218ANDRU.<br \/>\nSuntem recunosc\u0103tori pentru bun\u0103tatea colegei noastre \u0219i vom p\u0103stra curat\u0103 amintirea acesteia ca un Om de o mare c\u0103ldur\u0103 sufleteasc\u0103 \u0219i generozitate, m\u0103cinat\u0103 \u00eens\u0103 de o cr\u00eencen\u0103 boal\u0103, care nu a \u00eempiedicat-o s\u0103 se dedice \u00een totalitate mamei \u0219i fiicei sale dragi, precum \u0219i comunit\u0103\u021bii noastre.<br \/>\nSincere condolean\u021be&nbsp;<span class=\"text_exposed_show\">familiei \u00eendurerate!<br \/>\nDumnezeu s\u0103-i dea odihn\u0103 \u0219i s\u0103 m\u00e2ng\u0103ie sufletul copilei sale!<\/span><\/p>\n<div class=\"text_exposed_show\">\n<p>Primar,<br \/>\nFilip Robert Dorin<\/p>\n<p><a href=\"http:\/\/www.primariarovinari.ro\/2017\/07\/13490\/flavia-sandru\/\" rel=\"attachment wp-att-13492\"><img loading=\"lazy\" decoding=\"async\" class=\"alignnone size-medium wp-image-13492\" src=\"http:\/\/www.primariarovinari.ro\/wp-content\/uploads\/2017\/07\/Flavia-Sandru-123x168.jpg\" alt=\"\" width=\"123\" height=\"168\" srcset=\"https:\/\/primariarovinari.ro\/old\/wp-content\/uploads\/2017\/07\/Flavia-Sandru-123x168.jpg 123w, https:\/\/primariarovinari.ro\/old\/wp-content\/uploads\/2017\/07\/Flavia-Sandru.jpg 702w\" sizes=\"auto, (max-width: 123px) 100vw, 123px\" \/><\/a><a href=\"http:\/\/www.primariarovinari.ro\/2017\/07\/13490\/doliu-2\/\" rel=\"attachment wp-att-13491\"><img loading=\"lazy\" decoding=\"async\" class=\"alignnone size-medium wp-image-13491\" src=\"http:\/\/www.primariarovinari.ro\/wp-content\/uploads\/2017\/07\/doliu-156x168.jpg\" alt=\"\" width=\"156\" height=\"168\" srcset=\"https:\/\/primariarovinari.ro\/old\/wp-content\/uploads\/2017\/07\/doliu-156x168.jpg 156w, https:\/\/primariarovinari.ro\/old\/wp-content\/uploads\/2017\/07\/doliu-768x829.jpg 768w, https:\/\/primariarovinari.ro\/old\/wp-content\/uploads\/2017\/07\/doliu.jpg 870w\" sizes=\"auto, (max-width: 156px) 100vw, 156px\" \/><\/a><\/p>\n<\/div>\n","protected":false},"excerpt":{"rendered":"<p>Prim\u0103ria \u0219i Consiliul Local Rovinari, cu mare durere \u00ee\u0219i iau r\u0103mas bun de la OMUL, distinsa prieten\u0103 \u0219i deosebita coleg\u0103 EMANUELA-FLAVIA \u0218ANDRU. Suntem recunosc\u0103tori pentru bun\u0103tatea colegei noastre \u0219i vom p\u0103stra curat\u0103 amintirea acesteia ca un Om de o mare c\u0103ldur\u0103 sufleteasc\u0103 \u0219i generozitate, m\u0103cinat\u0103 \u00eens\u0103 de o cr\u00eencen\u0103 boal\u0103, care nu a \u00eempiedicat-o s\u0103 [&hellip;]<\/p>\n","protected":false},"author":1001022,"featured_media":0,"comment_status":"open","ping_status":"open","sticky":false,"template":"","format":"standard","meta":{"ngg_post_thumbnail":0,"footnotes":""},"categories":[9],"tags":[],"class_list":["post-13490","post","type-post","status-publish","format-standard","hentry","category-anunturi"],"_links":{"self":[{"href":"https:\/\/primariarovinari.ro\/old\/wp-json\/wp\/v2\/posts\/13490","targetHints":{"allow":["GET"]}}],"collection":[{"href":"https:\/\/primariarovinari.ro\/old\/wp-json\/wp\/v2\/posts"}],"about":[{"href":"https:\/\/primariarovinari.ro\/old\/wp-json\/wp\/v2\/types\/post"}],"author":[{"embeddable":true,"href":"https:\/\/primariarovinari.ro\/old\/wp-json\/wp\/v2\/users\/1001022"}],"replies":[{"embeddable":true,"href":"https:\/\/primariarovinari.ro\/old\/wp-json\/wp\/v2\/comments?post=13490"}],"version-history":[{"count":0,"href":"https:\/\/primariarovinari.ro\/old\/wp-json\/wp\/v2\/posts\/13490\/revisions"}],"wp:attachment":[{"href":"https:\/\/primariarovinari.ro\/old\/wp-json\/wp\/v2\/media?parent=13490"}],"wp:term":[{"taxonomy":"category","embeddable":true,"href":"https:\/\/primariarovinari.ro\/old\/wp-json\/wp\/v2\/categories?post=13490"},{"taxonomy":"post_tag","embeddable":true,"href":"https:\/\/primariarovinari.ro\/old\/wp-json\/wp\/v2\/tags?post=13490"}],"curies":[{"name":"wp","href":"https:\/\/api.w.org\/{rel}","templated":true}]}}