{"id":1347,"date":"2010-05-06T09:37:06","date_gmt":"2010-05-06T07:37:06","guid":{"rendered":"http:\/\/www.primariarovinari.ro\/?p=1347"},"modified":"2010-05-06T09:51:27","modified_gmt":"2010-05-06T07:51:27","slug":"10-16-mai-zilele-orasului-rovinari","status":"publish","type":"post","link":"https:\/\/primariarovinari.ro\/old\/2010\/05\/10-16-mai-zilele-orasului-rovinari\/","title":{"rendered":"10-16 Mai 2010- Zilele Ora\u015fului Rovinari, Edi\u0163ia a X-a"},"content":{"rendered":"<p style=\"text-align: justify;\"><a href=\"http:\/\/www.primariarovinari.ro\/wp-content\/uploads\/2010\/05\/HPIM3116.jpg\"><img loading=\"lazy\" decoding=\"async\" class=\"alignleft size-medium wp-image-1348\" title=\"Zilele orasului Rovinari\" src=\"http:\/\/www.primariarovinari.ro\/wp-content\/uploads\/2010\/05\/HPIM3116-300x189.jpg\" alt=\"\" width=\"300\" height=\"189\" srcset=\"https:\/\/primariarovinari.ro\/old\/wp-content\/uploads\/2010\/05\/HPIM3116-300x189.jpg 300w, https:\/\/primariarovinari.ro\/old\/wp-content\/uploads\/2010\/05\/HPIM3116.jpg 1023w\" sizes=\"auto, (max-width: 300px) 100vw, 300px\" \/><\/a>Consiliul Local Rovinari, Prim\u0103ria Rovinari, Casa de Cultur\u0103 \u015fi Biblioteca Rovinari invit\u0103 to\u0163i locuitorii ora\u015fului \u015fi nu numai, s\u0103 participe la manifest\u0103rile prilejuite cu ocazia celei de-a X-a edi\u0163ie a Zilelor ora\u015fului Rovinari, care vor avea loc \u00een perioada 10-16 mai pe Bulevardul Minerilor.<\/p>\n<p style=\"text-align: justify;\">Comercian\u0163ii vor fi pe bulevard de luni p\u00e2n\u0103 duminic\u0103, iar de vineri p\u00e2n\u0103 duminic\u0103 vor fi concerte \u00een fiecare sear\u0103, cu trupe \u015fi arti\u015fti cunoscu\u0163i printre care: Nicoleta Gu\u0163\u0103, Adriana Antoni, Generic &amp; Dan Ciotoi, Triton, V\u0103ru` S\u0103ndel, Suzana Toader, Mihai Priescu, Cosmin M\u00e2ndru\u0163\u0103.<br \/>\nManifest\u0103rile se vor desf\u0103\u015fura dup\u0103 urm\u0103torul program:<\/p>\n<p style=\"text-align: justify;\"><strong>Vineri 14.05.2010<\/strong><br \/>\nSpectacol folcloric (Gr\u0103dini\u0163a Nr. 1, Gr\u0103dini\u0163a Nr. 4 \u015fi Clubul Elevilor) \u2013 orele 20.00<br \/>\nSpectacol muzical \u2013 orele 22.30<\/p>\n<p style=\"text-align: justify;\"><strong>S\u00e2mb\u0103t\u0103 15.05.2010<\/strong><br \/>\nSpectacol muzical \u2013 orele 21.00 Nicoleta Gu\u0163\u0103, Triton, Cosmin M\u00e2ndru\u0163\u0103,<\/p>\n<p style=\"text-align: justify;\"><strong>Duminic\u0103 16.05.2010<\/strong><br \/>\nConcursuri sportive \u2013 orele 11.00<br \/>\nSpectacol muzical \u2013 orele 21.00 Adriana Antoni, Generic &amp; Dan Ciotoi, V\u0103ru` S\u0103ndel, Suzana Toader, Mihai Priescu.<\/p>\n<p style=\"text-align: center;\">Duminic\u0103 seara, la sf\u00e2r\u015fitul ultimului concert va avea loc un extraordinar foc de artificii.<br \/>\n<strong> V\u0103 a\u015ftept\u0103m cu drag !<\/strong><\/p>\n","protected":false},"excerpt":{"rendered":"<p>Consiliul Local Rovinari, Prim\u0103ria Rovinari, Casa de Cultur\u0103 \u015fi Biblioteca Rovinari invit\u0103 to\u0163i locuitorii ora\u015fului \u015fi nu numai, s\u0103 participe la manifest\u0103rile prilejuite cu ocazia celei de-a X-a edi\u0163ie a Zilelor ora\u015fului Rovinari, care vor avea loc \u00een perioada 10-16 mai pe Bulevardul Minerilor. Comercian\u0163ii vor fi pe bulevard de luni p\u00e2n\u0103 duminic\u0103, iar de [&hellip;]<\/p>\n","protected":false},"author":1001008,"featured_media":0,"comment_status":"open","ping_status":"open","sticky":false,"template":"","format":"standard","meta":{"ngg_post_thumbnail":0,"footnotes":""},"categories":[4],"tags":[189,190,33,132,191,188],"class_list":["post-1347","post","type-post","status-publish","format-standard","hentry","category-informatii-locale","tag-concert","tag-muzica","tag-petrecere","tag-spectacol","tag-voie-buna","tag-zilele-orasului"],"_links":{"self":[{"href":"https:\/\/primariarovinari.ro\/old\/wp-json\/wp\/v2\/posts\/1347","targetHints":{"allow":["GET"]}}],"collection":[{"href":"https:\/\/primariarovinari.ro\/old\/wp-json\/wp\/v2\/posts"}],"about":[{"href":"https:\/\/primariarovinari.ro\/old\/wp-json\/wp\/v2\/types\/post"}],"author":[{"embeddable":true,"href":"https:\/\/primariarovinari.ro\/old\/wp-json\/wp\/v2\/users\/1001008"}],"replies":[{"embeddable":true,"href":"https:\/\/primariarovinari.ro\/old\/wp-json\/wp\/v2\/comments?post=1347"}],"version-history":[{"count":0,"href":"https:\/\/primariarovinari.ro\/old\/wp-json\/wp\/v2\/posts\/1347\/revisions"}],"wp:attachment":[{"href":"https:\/\/primariarovinari.ro\/old\/wp-json\/wp\/v2\/media?parent=1347"}],"wp:term":[{"taxonomy":"category","embeddable":true,"href":"https:\/\/primariarovinari.ro\/old\/wp-json\/wp\/v2\/categories?post=1347"},{"taxonomy":"post_tag","embeddable":true,"href":"https:\/\/primariarovinari.ro\/old\/wp-json\/wp\/v2\/tags?post=1347"}],"curies":[{"name":"wp","href":"https:\/\/api.w.org\/{rel}","templated":true}]}}