{"id":134,"date":"2008-10-01T11:43:01","date_gmt":"2008-10-01T09:43:01","guid":{"rendered":"http:\/\/www.primariarovinari.ro\/?p=134"},"modified":"2010-03-16T11:43:53","modified_gmt":"2010-03-16T09:43:53","slug":"ziua-varstnicilor-sarbatorita-si-la-rovinari","status":"publish","type":"post","link":"https:\/\/primariarovinari.ro\/old\/2008\/10\/ziua-varstnicilor-sarbatorita-si-la-rovinari\/","title":{"rendered":"Ziua v\u00e2rstnicilor s\u0103rb\u0103torit\u0103 \u015fi la Rovinari"},"content":{"rendered":"<p style=\"text-align: justify;\"><span style=\"font-family: book antiqua,palatino;\"><a href=\"http:\/\/www.primariarovinari.ro\/wp-content\/uploads\/2010\/03\/01.10.2008b.jpg\"><img loading=\"lazy\" decoding=\"async\" class=\"alignright size-medium wp-image-135\" title=\"01.10.2008b\" src=\"http:\/\/www.primariarovinari.ro\/wp-content\/uploads\/2010\/03\/01.10.2008b-300x225.jpg\" alt=\"\" width=\"300\" height=\"225\" srcset=\"https:\/\/primariarovinari.ro\/old\/wp-content\/uploads\/2010\/03\/01.10.2008b-300x225.jpg 300w, https:\/\/primariarovinari.ro\/old\/wp-content\/uploads\/2010\/03\/01.10.2008b.jpg 800w\" sizes=\"auto, (max-width: 300px) 100vw, 300px\" \/><\/a>Consiliul Local Rovinari \u00een  colaborare cu Serviciul Public de Asistenta Sociala si Casa de Cultura  Rovinari au organizat cu ocazia Zilei Internationale a Persoanelor  V\u00e2rstnice, o manifestare \u00een cinstea acestora. Astfel, 180 de persoane de  peste 60 de ani s-au bucurat si au uitat pentru o zi de singuratatea si  de greutatea v\u00e2rstei care-i apasa. Alaturi de masa festiva organizata,  si de spectacolul de muzica populara oferit de o formatie din Rovinari,  v\u00e2rstnicii si-au aratat maiestria \u00eentr-un concurs de dans \u00een urma caruia  au fost premiati de catre Primarul Dorin Filip.<\/span><\/p>\n<p style=\"text-align: justify;\"><span style=\"font-family: book antiqua,palatino;\">Multi dintre v\u00e2rstnicii ramasi  singuri pe drumul vietii, au avut momente de mare bucurie c\u00e2nd si-au  regasit vechii prieteni, fiind pentru prima data la aceasta sarbatoare. <\/span><\/p>\n<p style=\"text-align: justify;\"><span style=\"font-family: book antiqua,palatino;\">\u201eNimic nu este greu c\u00e2nd \u00eeti doresti  ceva cu adevarat pentru a aduce bucurie \u00een sufletele celorlalti, mai  ales c\u00e2nd ai si posibilitati\u201d, a declarat Primarul Dorin Filip.<\/span><\/p>\n","protected":false},"excerpt":{"rendered":"<p>Consiliul Local Rovinari \u00een colaborare cu Serviciul Public de Asistenta Sociala si Casa de Cultura Rovinari au organizat cu ocazia Zilei Internationale a Persoanelor V\u00e2rstnice, o manifestare \u00een cinstea acestora. Astfel, 180 de persoane de peste 60 de ani s-au bucurat si au uitat pentru o zi de singuratatea si de greutatea v\u00e2rstei care-i apasa. [&hellip;]<\/p>\n","protected":false},"author":1001008,"featured_media":0,"comment_status":"open","ping_status":"open","sticky":false,"template":"","format":"standard","meta":{"ngg_post_thumbnail":0,"footnotes":""},"categories":[4],"tags":[18,19],"class_list":["post-134","post","type-post","status-publish","format-standard","hentry","category-informatii-locale","tag-sarbatoare","tag-ziua-varstnicilor"],"_links":{"self":[{"href":"https:\/\/primariarovinari.ro\/old\/wp-json\/wp\/v2\/posts\/134","targetHints":{"allow":["GET"]}}],"collection":[{"href":"https:\/\/primariarovinari.ro\/old\/wp-json\/wp\/v2\/posts"}],"about":[{"href":"https:\/\/primariarovinari.ro\/old\/wp-json\/wp\/v2\/types\/post"}],"author":[{"embeddable":true,"href":"https:\/\/primariarovinari.ro\/old\/wp-json\/wp\/v2\/users\/1001008"}],"replies":[{"embeddable":true,"href":"https:\/\/primariarovinari.ro\/old\/wp-json\/wp\/v2\/comments?post=134"}],"version-history":[{"count":0,"href":"https:\/\/primariarovinari.ro\/old\/wp-json\/wp\/v2\/posts\/134\/revisions"}],"wp:attachment":[{"href":"https:\/\/primariarovinari.ro\/old\/wp-json\/wp\/v2\/media?parent=134"}],"wp:term":[{"taxonomy":"category","embeddable":true,"href":"https:\/\/primariarovinari.ro\/old\/wp-json\/wp\/v2\/categories?post=134"},{"taxonomy":"post_tag","embeddable":true,"href":"https:\/\/primariarovinari.ro\/old\/wp-json\/wp\/v2\/tags?post=134"}],"curies":[{"name":"wp","href":"https:\/\/api.w.org\/{rel}","templated":true}]}}