{"id":13341,"date":"2017-06-13T18:28:44","date_gmt":"2017-06-13T16:28:44","guid":{"rendered":"http:\/\/www.primariarovinari.ro\/?p=13341"},"modified":"2017-06-13T18:33:45","modified_gmt":"2017-06-13T16:33:45","slug":"zilele-orasului-rovinari-2017-editia-a-vii-a","status":"publish","type":"post","link":"https:\/\/primariarovinari.ro\/old\/2017\/06\/zilele-orasului-rovinari-2017-editia-a-vii-a\/","title":{"rendered":"Zilele Orasului Rovinari 2017 &#8211; Edi\u021bia a VII-a"},"content":{"rendered":"<p><span data-offset-key=\"ak8c1-0-0\">\u00cen perioada 12-18 iunie, prim\u0103ria, al\u0103turi de Consiliul Local Rovinari, Casa de Cultur\u0103 \u015fi Biblioteca Rovinari, organizeaz\u0103 cea de-a XVII-a edi\u0163ie a Zilelor Ora\u015fului, iar programul manifest\u0103rilor cuprinde numeroase spectacole de muzic\u0103 \u015fi dans. Activit\u0103\u0163ile vor avea loc pe Bulevardul Minerilor.<\/span><\/p>\n<p>Sf\u00e2r\u015fitul de s\u0103pt\u0103m\u00e2n\u0103 va aduce \u00een fa\u0163a publicului nume de top ale scenei muzicale rom\u00e2ne\u015fti. S\u00e2mb\u0103t\u0103, \u00eencep\u00e2nd cu ora 18:00, copiii rovin\u0103reni vor deschide seara cu un spectacol folcloric.&nbsp; \u00cencep\u00e2nd cu ora 19:00, vor urca pe scen\u0103&nbsp; interpreti de seama ai muzicii populare: Dumitru Vasilescu, Emil Badea, Eliza Calafeteanu, Victorita Lacatusu, Claudia Torop dar si interpreta de muzica usoara Lariss. Duminica, incep\u00e2nd cu ora 18:00, program folcloric si dansuri moderne. Incep\u00e2nd cu ora 21:30, va urca pe scena din ora\u0219ul Rovinari, Constantin Enceanu, urmat de un megashow oferit de Delia.<\/p>\n<p><img loading=\"lazy\" decoding=\"async\" class=\"alignnone wp-image-13342\" src=\"http:\/\/www.primariarovinari.ro\/wp-content\/uploads\/2017\/06\/zilele-orasului-2017-rovinari-119x168.jpg\" alt=\"\" width=\"500\" height=\"707\" srcset=\"https:\/\/primariarovinari.ro\/old\/wp-content\/uploads\/2017\/06\/zilele-orasului-2017-rovinari-119x168.jpg 119w, https:\/\/primariarovinari.ro\/old\/wp-content\/uploads\/2017\/06\/zilele-orasului-2017-rovinari-768x1086.jpg 768w, https:\/\/primariarovinari.ro\/old\/wp-content\/uploads\/2017\/06\/zilele-orasului-2017-rovinari-724x1024.jpg 724w, https:\/\/primariarovinari.ro\/old\/wp-content\/uploads\/2017\/06\/zilele-orasului-2017-rovinari.jpg 2000w\" sizes=\"auto, (max-width: 500px) 100vw, 500px\" \/><\/p>\n","protected":false},"excerpt":{"rendered":"<p>\u00cen perioada 12-18 iunie, prim\u0103ria, al\u0103turi de Consiliul Local Rovinari, Casa de Cultur\u0103 \u015fi Biblioteca Rovinari, organizeaz\u0103 cea de-a XVII-a edi\u0163ie a Zilelor Ora\u015fului, iar programul manifest\u0103rilor cuprinde numeroase spectacole de muzic\u0103 \u015fi dans. Activit\u0103\u0163ile vor avea loc pe Bulevardul Minerilor. Sf\u00e2r\u015fitul de s\u0103pt\u0103m\u00e2n\u0103 va aduce \u00een fa\u0163a publicului nume de top ale scenei muzicale [&hellip;]<\/p>\n","protected":false},"author":1001008,"featured_media":0,"comment_status":"open","ping_status":"open","sticky":false,"template":"","format":"standard","meta":{"ngg_post_thumbnail":0,"footnotes":""},"categories":[9],"tags":[],"class_list":["post-13341","post","type-post","status-publish","format-standard","hentry","category-anunturi"],"_links":{"self":[{"href":"https:\/\/primariarovinari.ro\/old\/wp-json\/wp\/v2\/posts\/13341","targetHints":{"allow":["GET"]}}],"collection":[{"href":"https:\/\/primariarovinari.ro\/old\/wp-json\/wp\/v2\/posts"}],"about":[{"href":"https:\/\/primariarovinari.ro\/old\/wp-json\/wp\/v2\/types\/post"}],"author":[{"embeddable":true,"href":"https:\/\/primariarovinari.ro\/old\/wp-json\/wp\/v2\/users\/1001008"}],"replies":[{"embeddable":true,"href":"https:\/\/primariarovinari.ro\/old\/wp-json\/wp\/v2\/comments?post=13341"}],"version-history":[{"count":0,"href":"https:\/\/primariarovinari.ro\/old\/wp-json\/wp\/v2\/posts\/13341\/revisions"}],"wp:attachment":[{"href":"https:\/\/primariarovinari.ro\/old\/wp-json\/wp\/v2\/media?parent=13341"}],"wp:term":[{"taxonomy":"category","embeddable":true,"href":"https:\/\/primariarovinari.ro\/old\/wp-json\/wp\/v2\/categories?post=13341"},{"taxonomy":"post_tag","embeddable":true,"href":"https:\/\/primariarovinari.ro\/old\/wp-json\/wp\/v2\/tags?post=13341"}],"curies":[{"name":"wp","href":"https:\/\/api.w.org\/{rel}","templated":true}]}}