{"id":12685,"date":"2016-12-24T15:01:59","date_gmt":"2016-12-24T13:01:59","guid":{"rendered":"http:\/\/www.primariarovinari.ro\/?p=12685"},"modified":"2016-12-24T15:01:59","modified_gmt":"2016-12-24T13:01:59","slug":"craciun-fericit","status":"publish","type":"post","link":"https:\/\/primariarovinari.ro\/old\/2016\/12\/craciun-fericit\/","title":{"rendered":"Cr\u0103ciun Fericit!"},"content":{"rendered":"<div data-contents=\"true\">\n<div class=\"\" data-block=\"true\" data-editor=\"aonth\" data-offset-key=\"42fo7-0-0\">\n<div class=\"_1mf _1mj\" data-offset-key=\"42fo7-0-0\"><span data-offset-key=\"42fo7-0-0\">De Na\u0219terea Domnului, Prim\u0103ria Ora\u0219ului Rovinari v\u0103 ureaz\u0103 s\u0103 renasc\u0103 \u00een fiecare cas\u0103 speran\u021ba de mai bine \u0219i credin\u021ba \u00een Dumnezeu. Cr\u0103ciunul s\u0103 v\u0103 g\u0103seasc\u0103 s\u0103n\u0103to\u0219i, \u00een bucurie \u0219i \u00eenconjura\u021bi de cei dragi.<\/span><\/div>\n<\/div>\n<div class=\"\" data-block=\"true\" data-editor=\"aonth\" data-offset-key=\"8kg1d-0-0\">\n<div class=\"_1mf _1mj\" data-offset-key=\"8kg1d-0-0\"><span data-offset-key=\"8kg1d-0-0\">Cr\u0103ciun fericit!<\/span><\/div>\n<div class=\"_1mf _1mj\" data-offset-key=\"8kg1d-0-0\"><a href=\"http:\/\/www.primariarovinari.ro\/wp-content\/uploads\/2016\/12\/informatia-craciun-fericit1.jpg\"><img loading=\"lazy\" decoding=\"async\" class=\"alignnone wp-image-12686\" src=\"http:\/\/www.primariarovinari.ro\/wp-content\/uploads\/2016\/12\/informatia-craciun-fericit1-300x192.jpg\" height=\"383\" width=\"600\" srcset=\"https:\/\/primariarovinari.ro\/old\/wp-content\/uploads\/2016\/12\/informatia-craciun-fericit1-300x192.jpg 300w, https:\/\/primariarovinari.ro\/old\/wp-content\/uploads\/2016\/12\/informatia-craciun-fericit1-768x491.jpg 768w, https:\/\/primariarovinari.ro\/old\/wp-content\/uploads\/2016\/12\/informatia-craciun-fericit1.jpg 800w\" sizes=\"auto, (max-width: 600px) 100vw, 600px\" \/><\/a><\/div>\n<\/div>\n<\/div>\n","protected":false},"excerpt":{"rendered":"<p>De Na\u0219terea Domnului, Prim\u0103ria Ora\u0219ului Rovinari v\u0103 ureaz\u0103 s\u0103 renasc\u0103 \u00een fiecare cas\u0103 speran\u021ba de mai bine \u0219i credin\u021ba \u00een Dumnezeu. Cr\u0103ciunul s\u0103 v\u0103 g\u0103seasc\u0103 s\u0103n\u0103to\u0219i, \u00een bucurie \u0219i \u00eenconjura\u021bi de cei dragi. Cr\u0103ciun fericit!<\/p>\n","protected":false},"author":1001008,"featured_media":0,"comment_status":"open","ping_status":"open","sticky":false,"template":"","format":"standard","meta":{"ngg_post_thumbnail":0,"footnotes":""},"categories":[9],"tags":[],"class_list":["post-12685","post","type-post","status-publish","format-standard","hentry","category-anunturi"],"_links":{"self":[{"href":"https:\/\/primariarovinari.ro\/old\/wp-json\/wp\/v2\/posts\/12685","targetHints":{"allow":["GET"]}}],"collection":[{"href":"https:\/\/primariarovinari.ro\/old\/wp-json\/wp\/v2\/posts"}],"about":[{"href":"https:\/\/primariarovinari.ro\/old\/wp-json\/wp\/v2\/types\/post"}],"author":[{"embeddable":true,"href":"https:\/\/primariarovinari.ro\/old\/wp-json\/wp\/v2\/users\/1001008"}],"replies":[{"embeddable":true,"href":"https:\/\/primariarovinari.ro\/old\/wp-json\/wp\/v2\/comments?post=12685"}],"version-history":[{"count":0,"href":"https:\/\/primariarovinari.ro\/old\/wp-json\/wp\/v2\/posts\/12685\/revisions"}],"wp:attachment":[{"href":"https:\/\/primariarovinari.ro\/old\/wp-json\/wp\/v2\/media?parent=12685"}],"wp:term":[{"taxonomy":"category","embeddable":true,"href":"https:\/\/primariarovinari.ro\/old\/wp-json\/wp\/v2\/categories?post=12685"},{"taxonomy":"post_tag","embeddable":true,"href":"https:\/\/primariarovinari.ro\/old\/wp-json\/wp\/v2\/tags?post=12685"}],"curies":[{"name":"wp","href":"https:\/\/api.w.org\/{rel}","templated":true}]}}