{"id":1257,"date":"2010-04-22T12:12:01","date_gmt":"2010-04-22T10:12:01","guid":{"rendered":"http:\/\/www.primariarovinari.ro\/?p=1257"},"modified":"2010-04-22T20:31:44","modified_gmt":"2010-04-22T18:31:44","slug":"consilierii-locali-au-marcat-ziua-pamantului-prin-plantarea-de-artari","status":"publish","type":"post","link":"https:\/\/primariarovinari.ro\/old\/2010\/04\/consilierii-locali-au-marcat-ziua-pamantului-prin-plantarea-de-artari\/","title":{"rendered":"Consilierii locali au s\u0103rb\u0103torit Ziua P\u0103m\u00e2ntului plant\u00e2nd ar\u0163ari"},"content":{"rendered":"<p style=\"text-align: justify;\"><a href=\"http:\/\/www.primariarovinari.ro\/wp-content\/uploads\/2010\/04\/poza-Ziua-Pamantului.jpg\"><img loading=\"lazy\" decoding=\"async\" class=\"alignright size-medium wp-image-1258\" title=\"poza Ziua Pamantului\" src=\"http:\/\/www.primariarovinari.ro\/wp-content\/uploads\/2010\/04\/poza-Ziua-Pamantului-300x168.jpg\" alt=\"\" width=\"270\" height=\"151\" srcset=\"https:\/\/primariarovinari.ro\/old\/wp-content\/uploads\/2010\/04\/poza-Ziua-Pamantului-300x168.jpg 300w, https:\/\/primariarovinari.ro\/old\/wp-content\/uploads\/2010\/04\/poza-Ziua-Pamantului.jpg 1024w\" sizes=\"auto, (max-width: 270px) 100vw, 270px\" \/><\/a>Consilierii locali rovin\u0103reni au dorit ca ziua de ast\u0103zi s\u0103 nu treac\u0103 neobservat\u0103 \u015fi au ales ca \u00een aceast\u0103 zi s\u0103 planteze puie\u0163i de ar\u0163ar \u00een zona P-urilor, G-urilor \u015fi ANL-urilor.<\/p>\n<p style=\"text-align: justify;\">La aceast\u0103 ac\u0163iune au participat consilieri locali, cadre didactice de la unit\u0103\u0163i de \u00eenv\u0103\u0163\u0103m\u00e2nt din Rovinari, beneficiari ai ajutorului social dar \u015fi voluntari. Orice ac\u0163iune de plantare este bine venit\u0103 \u00eentr-un ora\u015f care nu duce lips\u0103 de poluare.<\/p>\n<p style=\"text-align: justify;\">\u00cen fiecare an, \u00een ziua de 22 aprilie se s\u0103rb\u0103tore\u015fte <em>Ziua P\u0103m\u00e2ntului<\/em>, ziua c\u00e2nd s-a n\u0103scut mi\u015fcarea pentru protejarea mediului \u00eenconjur\u0103tor care a fost fondat\u0103 de senatorul american Gaylord Nelson, \u00een anul 1970, cu <strong>scopul de a trezi clasa politic\u0103 din dezinteresul pe care \u00eel arata fa\u0163\u0103 de mediu<\/strong>.<\/p>\n<p style=\"text-align: justify;\"><!--more-->ngg_shortcode_0_placeholder<\/p>\n<p style=\"text-align: justify;\">\n","protected":false},"excerpt":{"rendered":"<p>Consilierii locali rovin\u0103reni au dorit ca ziua de ast\u0103zi s\u0103 nu treac\u0103 neobservat\u0103 \u015fi au ales ca \u00een aceast\u0103 zi s\u0103 planteze puie\u0163i de ar\u0163ar \u00een zona P-urilor, G-urilor \u015fi ANL-urilor. La aceast\u0103 ac\u0163iune au participat consilieri locali, cadre didactice de la unit\u0103\u0163i de \u00eenv\u0103\u0163\u0103m\u00e2nt din Rovinari, beneficiari ai ajutorului social dar \u015fi voluntari. Orice [&hellip;]<\/p>\n","protected":false},"author":1001008,"featured_media":0,"comment_status":"open","ping_status":"open","sticky":false,"template":"","format":"standard","meta":{"ngg_post_thumbnail":0,"footnotes":""},"categories":[4],"tags":[173,183,174,182],"class_list":["post-1257","post","type-post","status-publish","format-standard","hentry","category-informatii-locale","tag-artari","tag-consilieri-locali","tag-plantare","tag-ziua-pamantului"],"_links":{"self":[{"href":"https:\/\/primariarovinari.ro\/old\/wp-json\/wp\/v2\/posts\/1257","targetHints":{"allow":["GET"]}}],"collection":[{"href":"https:\/\/primariarovinari.ro\/old\/wp-json\/wp\/v2\/posts"}],"about":[{"href":"https:\/\/primariarovinari.ro\/old\/wp-json\/wp\/v2\/types\/post"}],"author":[{"embeddable":true,"href":"https:\/\/primariarovinari.ro\/old\/wp-json\/wp\/v2\/users\/1001008"}],"replies":[{"embeddable":true,"href":"https:\/\/primariarovinari.ro\/old\/wp-json\/wp\/v2\/comments?post=1257"}],"version-history":[{"count":0,"href":"https:\/\/primariarovinari.ro\/old\/wp-json\/wp\/v2\/posts\/1257\/revisions"}],"wp:attachment":[{"href":"https:\/\/primariarovinari.ro\/old\/wp-json\/wp\/v2\/media?parent=1257"}],"wp:term":[{"taxonomy":"category","embeddable":true,"href":"https:\/\/primariarovinari.ro\/old\/wp-json\/wp\/v2\/categories?post=1257"},{"taxonomy":"post_tag","embeddable":true,"href":"https:\/\/primariarovinari.ro\/old\/wp-json\/wp\/v2\/tags?post=1257"}],"curies":[{"name":"wp","href":"https:\/\/api.w.org\/{rel}","templated":true}]}}