{"id":1215,"date":"2010-04-21T10:09:08","date_gmt":"2010-04-21T08:09:08","guid":{"rendered":"http:\/\/www.primariarovinari.ro\/?p=1215"},"modified":"2010-04-22T07:30:52","modified_gmt":"2010-04-22T05:30:52","slug":"modernizare-si-performanta-in-administratia-publica-locala","status":"publish","type":"post","link":"https:\/\/primariarovinari.ro\/old\/2010\/04\/modernizare-si-performanta-in-administratia-publica-locala\/","title":{"rendered":"Modernizare \u015fi Performan\u0163\u0103 \u00een Administra\u0163ia Public\u0103 Local\u0103"},"content":{"rendered":"<p style=\"text-align: justify;\"><a href=\"http:\/\/www.primariarovinari.ro\/wp-content\/uploads\/2010\/04\/DSC00329.jpg\"><img loading=\"lazy\" decoding=\"async\" class=\"alignright size-medium wp-image-1216\" title=\"Modernizare si Performanta in APL\" src=\"http:\/\/www.primariarovinari.ro\/wp-content\/uploads\/2010\/04\/DSC00329-300x168.jpg\" alt=\"\" width=\"270\" height=\"151\" srcset=\"https:\/\/primariarovinari.ro\/old\/wp-content\/uploads\/2010\/04\/DSC00329-300x168.jpg 300w, https:\/\/primariarovinari.ro\/old\/wp-content\/uploads\/2010\/04\/DSC00329.jpg 1024w\" sizes=\"auto, (max-width: 270px) 100vw, 270px\" \/><\/a>Proiectul &#8222;Modernizare \u015fi performan\u0163\u0103 \u00een administra\u0163ia public\u0103 local\u0103&#8221;, este un proiect derulat \u00een parteneriat cu Consiliile jude\u0163ene Dolj \u015fi Gorj \u015fi are ca obiectiv principal cre\u015fterea capacit\u0103\u0163ii administra\u0163iei locale \u00een comunit\u0103\u0163i din jude\u0163ele Dolj \u015fi Gorj care se confrunt\u0103 cu mari provoc\u0103ri \u00een privin\u0163a dezvolt\u0103rii locale. Au r\u0103spuns invita\u0163iei de participare \u015fi au apreciat ini\u0163iativa drept binevenit\u0103 23 de prim\u0103rii din jude\u0163ul Dolj \u015fi 11 prim\u0103rii din jude\u0163ul Gorj, printre care \u015fi Prim\u0103ria Rovinari.<br \/>\nIeri, 20.04.2010, la Prim\u0103ria Rovinari a venit o delega\u0163ie format\u0103 din 30 de studen\u0163i la sociologie \u015fi comunicare \u015fi rela\u0163ii publice din cadrul Universit\u0103\u0163ii din Craiova, coordona\u0163i de dr. Gabriel Pricin\u0103 expert \u00een cadrul Institutului pentru Politici de Dezvoltare \u2013 IPD. Studen\u0163ii au fost prin ora\u015ful nostru \u015fi au chestionat cet\u0103\u0163enii cu privire la calitatea serviciilor oferite de administra\u0163ia local\u0103. Angaja\u0163ilor Prim\u0103riei Rovinari li s-a oferit un chestionar pentru a se autoevalua prin metoda C.A.F. (Common Assessment Framework).<\/p>\n<p style=\"text-align: justify;\"><!--more-->Proiectul &#8222;Modernizare \u015fi performan\u0163\u0103 \u00een administra\u0163ia public\u0103 local\u0103&#8221; \u00eendepline\u015fte trei func\u0163ii implementate printr-un set de instrumente \u00een sprijinul angaja\u0163ilor din Prim\u0103rii:<\/p>\n<p style=\"text-align: justify;\">&#8211; Func\u0163ia evaluativ\u0103 const\u0103 \u00een elaborarea diagnozei organiza\u0163ionale a institu\u0163iei prin implicarea direct\u0103 a angaja\u0163ilor acesteia \u015fi \u00een identificarea oportunit\u0103\u0163ilor \u015fi nevoilor de interven\u0163ie asupra deficien\u0163elor, precum \u015fi \u00een avansarea unor solu\u0163ii practicabile care s\u0103 conduc\u0103 la optimizarea managementului public al institu\u0163iei.<\/p>\n<p style=\"text-align: justify;\">&#8211; Func\u0163ia formativ\u0103 este reprezentat\u0103 de trei module de formare ce vor fi furnizate pe o perioad\u0103 de 4 luni \u00een cadrul Universit\u0103\u0163ii din Craiova de c\u0103tre o echip\u0103 de exper\u0163i format\u0103 din cadre didactice ale Universit\u0103\u0163ii din Craiova \u015fi ale Universit\u0103\u0163ii din Bucure\u015fti, precum \u015fi dintr-un expert independent. Modulele de instruire \u0163intesc specific diferite pozi\u0163ii din organigrama prim\u0103riilor implicate, iar tematica abordat\u0103 \u00een cadrul cursurilor de formare vizeaz\u0103 domenii precum: managementul financiar \u015fi bugetar, elaborarea \u015fi implementarea politicilor publice, planificare participativ\u0103 strategic\u0103 \u00een administra\u0163ia public\u0103 local\u0103, managementul ciclului de proiect, achizi\u0163ii publice, managementul calit\u0103\u0163ii \u015fi evaluarea institu\u0163ional\u0103, Cadrul comun de Autoevaluare a modului de Func\u0163ionare a institu\u0163iei publice (CAF), managementul de proiecte europene\/fonduri structurale europene, acquis comunitar \u015fi legisla\u0163ie armonizat\u0103, dezvoltare comunitar\u0103, managementul parteneriatului public-privat, managementul resurselor umane, protec\u0163ia mediului \u015fi managementul dezvolt\u0103rii durabile, protec\u0163ia juridic\u0103 a drepturilor omului, egalitatea de \u015fanse \u015fi de tratament, rela\u0163ii publice \u015fi comunicare.<\/p>\n<p style=\"text-align: justify;\">&#8211; Func\u0163ia consultativ-prospectiv\u0103 se centreaz\u0103 pe strategiile de \u00eembun\u0103t\u0103\u0163ire a coordon\u0103rii tuturor activit\u0103\u0163ilor din cadrul organiza\u0163iei publice, implic\u00e2nd asisten\u0163\u0103 tehnic\u0103 \u00een elaborarea planului de optimizare a managementului public pentru institu\u0163ia respectiv\u0103. Reprezentan\u0163ii tuturor prim\u0103riilor participante vor trebui sa elaboreze un plan de interven\u0163ie care s\u0103 duc\u0103 la eficientizarea \u015fi cre\u015fterea eficacit\u0103\u0163ii administra\u0163iei din care fac parte. Toate echipele vor primi consiliere on-line \u015fi pe teren din partea exper\u0163ilor folosind \u015fi metoda educa\u0163iei la distan\u0163\u0103. Promovarea ini\u0163iativelor institu\u0163iei prin intermediul unui portal on-line, aploltenia.ro, dezvoltat special pentru prim\u0103riile selectate, va c\u0103p\u0103ta \u00een cadrul Conferin\u0163ei Na\u0163ionale &#8222;Eficien\u0163\u0103 \u015fi modernizare \u00een Administra\u0163ia Public\u0103 Local\u0103&#8221; o form\u0103 de publicitate constructiv\u0103 \u015fi de instruirea continu\u0103 ce se va \u00eentinde dincolo de perioada de implementare a proiectului (octombrie 2009 &#8211; noiembrie 2010).<\/p>\n<p style=\"text-align: justify;\">ngg_shortcode_0_placeholder<\/p>\n","protected":false},"excerpt":{"rendered":"<p>Proiectul &#8222;Modernizare \u015fi performan\u0163\u0103 \u00een administra\u0163ia public\u0103 local\u0103&#8221;, este un proiect derulat \u00een parteneriat cu Consiliile jude\u0163ene Dolj \u015fi Gorj \u015fi are ca obiectiv principal cre\u015fterea capacit\u0103\u0163ii administra\u0163iei locale \u00een comunit\u0103\u0163i din jude\u0163ele Dolj \u015fi Gorj care se confrunt\u0103 cu mari provoc\u0103ri \u00een privin\u0163a dezvolt\u0103rii locale. Au r\u0103spuns invita\u0163iei de participare \u015fi au apreciat ini\u0163iativa [&hellip;]<\/p>\n","protected":false},"author":1001008,"featured_media":0,"comment_status":"open","ping_status":"open","sticky":false,"template":"","format":"standard","meta":{"ngg_post_thumbnail":0,"footnotes":""},"categories":[8],"tags":[180,179,102],"class_list":["post-1215","post","type-post","status-publish","format-standard","hentry","category-proiecte","tag-administratia-publica-locala","tag-modernizare","tag-performanta"],"_links":{"self":[{"href":"https:\/\/primariarovinari.ro\/old\/wp-json\/wp\/v2\/posts\/1215","targetHints":{"allow":["GET"]}}],"collection":[{"href":"https:\/\/primariarovinari.ro\/old\/wp-json\/wp\/v2\/posts"}],"about":[{"href":"https:\/\/primariarovinari.ro\/old\/wp-json\/wp\/v2\/types\/post"}],"author":[{"embeddable":true,"href":"https:\/\/primariarovinari.ro\/old\/wp-json\/wp\/v2\/users\/1001008"}],"replies":[{"embeddable":true,"href":"https:\/\/primariarovinari.ro\/old\/wp-json\/wp\/v2\/comments?post=1215"}],"version-history":[{"count":0,"href":"https:\/\/primariarovinari.ro\/old\/wp-json\/wp\/v2\/posts\/1215\/revisions"}],"wp:attachment":[{"href":"https:\/\/primariarovinari.ro\/old\/wp-json\/wp\/v2\/media?parent=1215"}],"wp:term":[{"taxonomy":"category","embeddable":true,"href":"https:\/\/primariarovinari.ro\/old\/wp-json\/wp\/v2\/categories?post=1215"},{"taxonomy":"post_tag","embeddable":true,"href":"https:\/\/primariarovinari.ro\/old\/wp-json\/wp\/v2\/tags?post=1215"}],"curies":[{"name":"wp","href":"https:\/\/api.w.org\/{rel}","templated":true}]}}