{"id":1159,"date":"2010-04-16T11:23:45","date_gmt":"2010-04-16T09:23:45","guid":{"rendered":"http:\/\/www.primariarovinari.ro\/?p=1159"},"modified":"2010-05-03T19:44:01","modified_gmt":"2010-05-03T17:44:01","slug":"campania-de-plantare-luna-padurii-desfasurata-si-la-rovinari","status":"publish","type":"post","link":"https:\/\/primariarovinari.ro\/old\/2010\/04\/campania-de-plantare-luna-padurii-desfasurata-si-la-rovinari\/","title":{"rendered":"Campania de plantare Luna P\u0103durii desf\u0103\u015furat\u0103 \u015fi la Rovinari"},"content":{"rendered":"<p style=\"text-align: justify;\"><object style=\"width: 275px; height: 226px;\" classid=\"clsid:d27cdb6e-ae6d-11cf-96b8-444553540000\" width=\"275\" height=\"226\" codebase=\"http:\/\/download.macromedia.com\/pub\/shockwave\/cabs\/flash\/swflash.cab#version=6,0,40,0\"><param name=\"src\" value=\"http:\/\/www.youtube.com\/v\/14GtogBS4P4\" \/><param name=\"align\" value=\"right\" \/><param name=\"vspace\" value=\"10\" \/><param name=\"hspace\" value=\"10\" \/><embed style=\"width: 275px; height: 226px;\" type=\"application\/x-shockwave-flash\" width=\"275\" height=\"226\" src=\"http:\/\/www.youtube.com\/v\/14GtogBS4P4\" hspace=\"10\" vspace=\"10\" align=\"right\"><\/embed><\/object>Ast\u0103zi la ora 10.00 \u00een Ora\u015ful Rovinari s-a desf\u0103\u015furat o ac\u0163iune de plantare de arbori, inclus\u0103 \u00een Campania Luna P\u0103durii.<\/p>\n<p style=\"text-align: justify;\">La ac\u0163iune au luat parte elevi voluntari de la Grupul \u015ecolar Industrial Rovinari, reprezentan\u0163i ai jandarmeriei jude\u0163ene, ai Prim\u0103riei Rovinari, care au fost coordona\u0163i de fostul director al Agen\u0163iei pentru Protec\u0163ia Mediului Gorj, Gheorghe Fometescu.<\/p>\n<p style=\"text-align: justify;\">S-au plantat 300 de ar\u0163ari pe Strada Castanilor, pe Aleea Bradului \u015fi \u00een curtea Catedralei Rovinari.<!--more--><\/p>\n<p style=\"text-align: justify;\">Aceast\u0103 ac\u0163iune nu este prima de acest fel, de c\u00e2\u0163iva ani buni Agen\u0163ia pentru Protec\u0163ia Mediului Gorj \u00een parteneriat cu Prim\u0103ria ora\u015fului Rovinari a \u00eentreprins asemenea ac\u0163iuni menite s\u0103 contribuie la \u00eembun\u0103t\u0103\u0163irea calitat\u0103\u0163ii mediului \u015fi s\u0103 dezvolte spiritul de ocrotire a acestuia \u00een sufletele locuitorilor ora\u015fului nostru.<\/p>\nngg_shortcode_0_placeholder\n","protected":false},"excerpt":{"rendered":"<p>Ast\u0103zi la ora 10.00 \u00een Ora\u015ful Rovinari s-a desf\u0103\u015furat o ac\u0163iune de plantare de arbori, inclus\u0103 \u00een Campania Luna P\u0103durii. La ac\u0163iune au luat parte elevi voluntari de la Grupul \u015ecolar Industrial Rovinari, reprezentan\u0163i ai jandarmeriei jude\u0163ene, ai Prim\u0103riei Rovinari, care au fost coordona\u0163i de fostul director al Agen\u0163iei pentru Protec\u0163ia Mediului Gorj, Gheorghe Fometescu. [&hellip;]<\/p>\n","protected":false},"author":1001008,"featured_media":0,"comment_status":"open","ping_status":"open","sticky":false,"template":"","format":"standard","meta":{"ngg_post_thumbnail":0,"footnotes":""},"categories":[3],"tags":[173,175,174],"class_list":["post-1159","post","type-post","status-publish","format-standard","hentry","category-comunicate-de-presa","tag-artari","tag-luna-padurii","tag-plantare"],"_links":{"self":[{"href":"https:\/\/primariarovinari.ro\/old\/wp-json\/wp\/v2\/posts\/1159","targetHints":{"allow":["GET"]}}],"collection":[{"href":"https:\/\/primariarovinari.ro\/old\/wp-json\/wp\/v2\/posts"}],"about":[{"href":"https:\/\/primariarovinari.ro\/old\/wp-json\/wp\/v2\/types\/post"}],"author":[{"embeddable":true,"href":"https:\/\/primariarovinari.ro\/old\/wp-json\/wp\/v2\/users\/1001008"}],"replies":[{"embeddable":true,"href":"https:\/\/primariarovinari.ro\/old\/wp-json\/wp\/v2\/comments?post=1159"}],"version-history":[{"count":0,"href":"https:\/\/primariarovinari.ro\/old\/wp-json\/wp\/v2\/posts\/1159\/revisions"}],"wp:attachment":[{"href":"https:\/\/primariarovinari.ro\/old\/wp-json\/wp\/v2\/media?parent=1159"}],"wp:term":[{"taxonomy":"category","embeddable":true,"href":"https:\/\/primariarovinari.ro\/old\/wp-json\/wp\/v2\/categories?post=1159"},{"taxonomy":"post_tag","embeddable":true,"href":"https:\/\/primariarovinari.ro\/old\/wp-json\/wp\/v2\/tags?post=1159"}],"curies":[{"name":"wp","href":"https:\/\/api.w.org\/{rel}","templated":true}]}}