{"id":1150,"date":"2010-04-15T13:09:19","date_gmt":"2010-04-15T11:09:19","guid":{"rendered":"http:\/\/www.primariarovinari.ro\/?p=1150"},"modified":"2010-05-03T19:49:06","modified_gmt":"2010-05-03T17:49:06","slug":"1150","status":"publish","type":"post","link":"https:\/\/primariarovinari.ro\/old\/2010\/04\/1150\/","title":{"rendered":"Rovinari &#8211; Ora\u015ful florilor"},"content":{"rendered":"<p style=\"text-align: justify;\"><strong><a href=\"http:\/\/www.primariarovinari.ro\/wp-content\/uploads\/2010\/04\/Flori-2010-6.jpg\"><img loading=\"lazy\" decoding=\"async\" class=\"alignleft size-medium wp-image-1149\" title=\"Program infrumusetare 2010 \" src=\"http:\/\/www.primariarovinari.ro\/wp-content\/uploads\/2010\/04\/Flori-2010-6-300x225.jpg\" alt=\"\" width=\"240\" height=\"180\" srcset=\"https:\/\/primariarovinari.ro\/old\/wp-content\/uploads\/2010\/04\/Flori-2010-6-300x225.jpg 300w, https:\/\/primariarovinari.ro\/old\/wp-content\/uploads\/2010\/04\/Flori-2010-6.jpg 1024w\" sizes=\"auto, (max-width: 240px) 100vw, 240px\" \/><\/a>Prim\u0103ria ora\u015fului Rovinari <\/strong>a demarat \u00een acest an, mai timpuriu dec\u00e2t \u00een al\u0163i ani, <strong>Programul de \u00eenfrumuse\u0163are al ora\u015fului<\/strong>. Practic, acest program de \u00eenfrumuse\u0163are a constat \u00een achizi\u0163ionarea \u015fi plantarea de material s\u0103ditor, plante ornamentale \u015fi arbu\u015fti ornamentali, care s-a desf\u0103\u015furat \u00een a doua decad\u0103 a lunii martie tocmai pentru a beneficia de condi\u0163ii favorabile de plantare.<\/p>\n<p style=\"text-align: justify;\">P\u00e2n\u0103 acum s-a desf\u0103\u015furat doar prima sesiune de plantare, plant\u00e2ndu-se panselu\u0163e \u015fi begonii de gr\u0103din\u0103, urm\u00e2nd ca \u00een a doua sesiune s\u0103 fie planta\u0163i trandafiri, petunii \u015fi begonii.<!--more--><\/p>\n<p style=\"text-align: justify;\">Prim\u0103ria Rovinari dore\u015fte ca ora\u015ful s\u0103 devin\u0103 <em>Ora\u015ful florilor <\/em>av\u00e2nd \u00een vedere c\u0103 urmeaz\u0103 luna mai (<em>florar<\/em>) \u015fi face un apel la cet\u0103\u0163eni s\u0103 protejeze florile plantate.<\/p>\nngg_shortcode_0_placeholder\n","protected":false},"excerpt":{"rendered":"<p>Prim\u0103ria ora\u015fului Rovinari a demarat \u00een acest an, mai timpuriu dec\u00e2t \u00een al\u0163i ani, Programul de \u00eenfrumuse\u0163are al ora\u015fului. Practic, acest program de \u00eenfrumuse\u0163are a constat \u00een achizi\u0163ionarea \u015fi plantarea de material s\u0103ditor, plante ornamentale \u015fi arbu\u015fti ornamentali, care s-a desf\u0103\u015furat \u00een a doua decad\u0103 a lunii martie tocmai pentru a beneficia de condi\u0163ii favorabile [&hellip;]<\/p>\n","protected":false},"author":1001008,"featured_media":0,"comment_status":"open","ping_status":"open","sticky":false,"template":"","format":"standard","meta":{"ngg_post_thumbnail":0,"footnotes":""},"categories":[4],"tags":[168,125,171,169,167,172,166,170],"class_list":["post-1150","post","type-post","status-publish","format-standard","hentry","category-informatii-locale","tag-begonii","tag-flori","tag-material-saditor","tag-panselute","tag-petunii","tag-plante-ornamentale","tag-program-de-infrumusetare","tag-trandafiri"],"_links":{"self":[{"href":"https:\/\/primariarovinari.ro\/old\/wp-json\/wp\/v2\/posts\/1150","targetHints":{"allow":["GET"]}}],"collection":[{"href":"https:\/\/primariarovinari.ro\/old\/wp-json\/wp\/v2\/posts"}],"about":[{"href":"https:\/\/primariarovinari.ro\/old\/wp-json\/wp\/v2\/types\/post"}],"author":[{"embeddable":true,"href":"https:\/\/primariarovinari.ro\/old\/wp-json\/wp\/v2\/users\/1001008"}],"replies":[{"embeddable":true,"href":"https:\/\/primariarovinari.ro\/old\/wp-json\/wp\/v2\/comments?post=1150"}],"version-history":[{"count":0,"href":"https:\/\/primariarovinari.ro\/old\/wp-json\/wp\/v2\/posts\/1150\/revisions"}],"wp:attachment":[{"href":"https:\/\/primariarovinari.ro\/old\/wp-json\/wp\/v2\/media?parent=1150"}],"wp:term":[{"taxonomy":"category","embeddable":true,"href":"https:\/\/primariarovinari.ro\/old\/wp-json\/wp\/v2\/categories?post=1150"},{"taxonomy":"post_tag","embeddable":true,"href":"https:\/\/primariarovinari.ro\/old\/wp-json\/wp\/v2\/tags?post=1150"}],"curies":[{"name":"wp","href":"https:\/\/api.w.org\/{rel}","templated":true}]}}