{"id":1133,"date":"2010-04-14T14:03:00","date_gmt":"2010-04-14T12:03:00","guid":{"rendered":"http:\/\/www.primariarovinari.ro\/?p=1133"},"modified":"2010-04-15T13:11:07","modified_gmt":"2010-04-15T11:11:07","slug":"sistem-de-iluminat-ambiental-si-arhitectural-la-catedrala-ortodoxa-din-rovinari","status":"publish","type":"post","link":"https:\/\/primariarovinari.ro\/old\/2010\/04\/sistem-de-iluminat-ambiental-si-arhitectural-la-catedrala-ortodoxa-din-rovinari\/","title":{"rendered":"Sistem de iluminat ambiental \u015fi arhitectural la Catedrala Ortodox\u0103 din Rovinari"},"content":{"rendered":"<p style=\"text-align: justify;\"><a href=\"http:\/\/www.primariarovinari.ro\/wp-content\/uploads\/2010\/04\/catedralailuminata.jpg\"><img loading=\"lazy\" decoding=\"async\" class=\"alignright size-medium wp-image-1136\" title=\"catedralailuminata\" src=\"http:\/\/www.primariarovinari.ro\/wp-content\/uploads\/2010\/04\/catedralailuminata-300x200.jpg\" alt=\"\" width=\"300\" height=\"200\" srcset=\"https:\/\/primariarovinari.ro\/old\/wp-content\/uploads\/2010\/04\/catedralailuminata-300x200.jpg 300w, https:\/\/primariarovinari.ro\/old\/wp-content\/uploads\/2010\/04\/catedralailuminata.jpg 1024w\" sizes=\"auto, (max-width: 300px) 100vw, 300px\" \/><\/a>Odat\u0103 cu venirea Sfintelor S\u0103rb\u0103tori Pascale, pe exteriorul Catedralei Ortodoxe din Rovinari a fost montat un sistem de iluminat ambiental care s\u0103 ilumineze catedrala pe timpul nop\u0163ii. Investi\u0163ia a fost f\u0103cut\u0103 de c\u0103tre Prim\u0103ria Rovinari, care avea prins\u0103 realizarea acestui sistem de iluminat \u00een Lista de Investi\u0163ii pe anul 2010. Sistemul de iluminat arhitectural al catedralei este de tip dinamic \u015fi nu static, care ofer\u0103 posibilitatea schimb\u0103rii culorilor pe zone diferite \u015fi la intervalele de timp dorite.<\/p>\n<p style=\"text-align: justify;\">Proiectoarele montate sunt optimizate din punct de vedere al dimensiunilor, fluxului luminos \u015fi consumului de electricitate. \u00cen plus, ledurile au o putere de 3 W fiecare \u015fi au o durat\u0103 de via\u0163\u0103 de p\u00e2n\u0103 la 70.000 de ore, mai mult proiectoarele dau posibilitatea de varia\u0163ie a culorii prin controlul independent al intensit\u0103\u0163ii ledurilor.<br \/>\n<!--more-->Mai trebuie spus c\u0103 s-a \u00eenceput \u015fi pictarea interioar\u0103 a catedralei, pentru care Consiliul Local Rovinari a contribuit p\u00e2n\u0103 acum cu suma de 1,2 miliarde lei. Altarul este aproape pictat \u00een totalitate, urm\u00e2nd s\u0103 \u00eenceap\u0103 a se picta \u015fi partea st\u00e2ng\u0103 a Naosului (locul unde stau femeile \u00een Biseric\u0103).<\/p>\n<p style=\"text-align: center;\"><a href=\"http:\/\/www.primariarovinari.ro\/wp-content\/uploads\/2010\/04\/picturaaltar.jpg\"><img loading=\"lazy\" decoding=\"async\" class=\"aligncenter size-full wp-image-1137\" title=\"picturaaltar\" src=\"http:\/\/www.primariarovinari.ro\/wp-content\/uploads\/2010\/04\/picturaaltar.jpg\" alt=\"\" width=\"532\" height=\"300\" srcset=\"https:\/\/primariarovinari.ro\/old\/wp-content\/uploads\/2010\/04\/picturaaltar.jpg 1000w, https:\/\/primariarovinari.ro\/old\/wp-content\/uploads\/2010\/04\/picturaaltar-300x168.jpg 300w\" sizes=\"auto, (max-width: 532px) 100vw, 532px\" \/><\/a>Pentru mai multe poze cu sistemul de iluminat ambiental \u015fi arhitectural dar \u015fi cu pictura Catedralei Rovinari <a href=\"http:\/\/www.primariarovinari.ro\/galerie-foto\/?album=1&amp;gallery=32\">click aici<\/a><\/p>\n","protected":false},"excerpt":{"rendered":"<p>Odat\u0103 cu venirea Sfintelor S\u0103rb\u0103tori Pascale, pe exteriorul Catedralei Ortodoxe din Rovinari a fost montat un sistem de iluminat ambiental care s\u0103 ilumineze catedrala pe timpul nop\u0163ii. Investi\u0163ia a fost f\u0103cut\u0103 de c\u0103tre Prim\u0103ria Rovinari, care avea prins\u0103 realizarea acestui sistem de iluminat \u00een Lista de Investi\u0163ii pe anul 2010. Sistemul de iluminat arhitectural al [&hellip;]<\/p>\n","protected":false},"author":1001008,"featured_media":0,"comment_status":"open","ping_status":"open","sticky":false,"template":"","format":"standard","meta":{"ngg_post_thumbnail":0,"footnotes":""},"categories":[4],"tags":[163,165,164],"class_list":["post-1133","post","type-post","status-publish","format-standard","hentry","category-informatii-locale","tag-catedrala","tag-iluminat","tag-pictura"],"_links":{"self":[{"href":"https:\/\/primariarovinari.ro\/old\/wp-json\/wp\/v2\/posts\/1133","targetHints":{"allow":["GET"]}}],"collection":[{"href":"https:\/\/primariarovinari.ro\/old\/wp-json\/wp\/v2\/posts"}],"about":[{"href":"https:\/\/primariarovinari.ro\/old\/wp-json\/wp\/v2\/types\/post"}],"author":[{"embeddable":true,"href":"https:\/\/primariarovinari.ro\/old\/wp-json\/wp\/v2\/users\/1001008"}],"replies":[{"embeddable":true,"href":"https:\/\/primariarovinari.ro\/old\/wp-json\/wp\/v2\/comments?post=1133"}],"version-history":[{"count":0,"href":"https:\/\/primariarovinari.ro\/old\/wp-json\/wp\/v2\/posts\/1133\/revisions"}],"wp:attachment":[{"href":"https:\/\/primariarovinari.ro\/old\/wp-json\/wp\/v2\/media?parent=1133"}],"wp:term":[{"taxonomy":"category","embeddable":true,"href":"https:\/\/primariarovinari.ro\/old\/wp-json\/wp\/v2\/categories?post=1133"},{"taxonomy":"post_tag","embeddable":true,"href":"https:\/\/primariarovinari.ro\/old\/wp-json\/wp\/v2\/tags?post=1133"}],"curies":[{"name":"wp","href":"https:\/\/api.w.org\/{rel}","templated":true}]}}