{"id":1089,"date":"2010-04-12T12:21:39","date_gmt":"2010-04-12T10:21:39","guid":{"rendered":"http:\/\/www.primariarovinari.ro\/?p=1089"},"modified":"2010-04-14T12:00:14","modified_gmt":"2010-04-14T10:00:14","slug":"condoleante","status":"publish","type":"post","link":"https:\/\/primariarovinari.ro\/old\/2010\/04\/condoleante\/","title":{"rendered":"Mesaj de condolean\u0163e"},"content":{"rendered":"<p style=\"text-align: justify;\"><a href=\"http:\/\/www.primariarovinari.ro\/wp-content\/uploads\/2010\/04\/10poland3-articleLarge-v3.jpg\"><img loading=\"lazy\" decoding=\"async\" class=\"aligncenter size-full wp-image-1108\" title=\"Condolean\u0163e\" src=\"http:\/\/www.primariarovinari.ro\/wp-content\/uploads\/2010\/04\/polonia.png\" alt=\"\" width=\"545\" height=\"351\" srcset=\"https:\/\/primariarovinari.ro\/old\/wp-content\/uploads\/2010\/04\/polonia.png 545w, https:\/\/primariarovinari.ro\/old\/wp-content\/uploads\/2010\/04\/polonia-300x193.png 300w\" sizes=\"auto, (max-width: 545px) 100vw, 545px\" \/><\/a>\u00cen acest sens Primarul Filip Dorin a \u015fi transmis omologului s\u0103u din Turek un mesaj de condolean\u0163e.<\/p>\n<img decoding=\"async\" src=\"http:\/\/www.primariarovinari.ro\/wp-content\/plugins\/wp-downloadmanager\/images\/ext\/pdf.gif\" alt=\"\" title=\"\" style=\"vertical-align: middle;\" \/>&nbsp;&nbsp;<strong><a href=\"https:\/\/primariarovinari.ro\/old\/download\/pdf_uri\/mesajcondoleante.pdf\">Mesaj de condolean\u0163e - rom\u00e2n\u0103<\/a><\/strong> (900,2 KiB, 1.376 hits)<br>\n","protected":false},"excerpt":{"rendered":"<p>\u00cen acest sens Primarul Filip Dorin a \u015fi transmis omologului s\u0103u din Turek un mesaj de condolean\u0163e.<\/p>\n","protected":false},"author":1001008,"featured_media":0,"comment_status":"open","ping_status":"open","sticky":false,"template":"","format":"standard","meta":{"ngg_post_thumbnail":0,"footnotes":""},"categories":[3],"tags":[161,162,160],"class_list":["post-1089","post","type-post","status-publish","format-standard","hentry","category-comunicate-de-presa","tag-condoleante","tag-lech-kaczynski","tag-polonia"],"_links":{"self":[{"href":"https:\/\/primariarovinari.ro\/old\/wp-json\/wp\/v2\/posts\/1089","targetHints":{"allow":["GET"]}}],"collection":[{"href":"https:\/\/primariarovinari.ro\/old\/wp-json\/wp\/v2\/posts"}],"about":[{"href":"https:\/\/primariarovinari.ro\/old\/wp-json\/wp\/v2\/types\/post"}],"author":[{"embeddable":true,"href":"https:\/\/primariarovinari.ro\/old\/wp-json\/wp\/v2\/users\/1001008"}],"replies":[{"embeddable":true,"href":"https:\/\/primariarovinari.ro\/old\/wp-json\/wp\/v2\/comments?post=1089"}],"version-history":[{"count":0,"href":"https:\/\/primariarovinari.ro\/old\/wp-json\/wp\/v2\/posts\/1089\/revisions"}],"wp:attachment":[{"href":"https:\/\/primariarovinari.ro\/old\/wp-json\/wp\/v2\/media?parent=1089"}],"wp:term":[{"taxonomy":"category","embeddable":true,"href":"https:\/\/primariarovinari.ro\/old\/wp-json\/wp\/v2\/categories?post=1089"},{"taxonomy":"post_tag","embeddable":true,"href":"https:\/\/primariarovinari.ro\/old\/wp-json\/wp\/v2\/tags?post=1089"}],"curies":[{"name":"wp","href":"https:\/\/api.w.org\/{rel}","templated":true}]}}