{"id":1073,"date":"2010-04-08T14:26:17","date_gmt":"2010-04-08T12:26:17","guid":{"rendered":"http:\/\/www.primariarovinari.ro\/?p=1073"},"modified":"2010-04-09T10:14:54","modified_gmt":"2010-04-09T08:14:54","slug":"dezbatere-publica-privind-calitatea-aerului","status":"publish","type":"post","link":"https:\/\/primariarovinari.ro\/old\/2010\/04\/dezbatere-publica-privind-calitatea-aerului\/","title":{"rendered":"Dezbatere public\u0103 privind calitatea aerului"},"content":{"rendered":"<p style=\"text-align: justify;\"><a href=\"http:\/\/www.primariarovinari.ro\/wp-content\/uploads\/2010\/04\/P1030498.jpg\"><img loading=\"lazy\" decoding=\"async\" class=\"alignright size-medium wp-image-1074\" title=\"Dezbatere public\u0103\" src=\"http:\/\/www.primariarovinari.ro\/wp-content\/uploads\/2010\/04\/P1030498-300x225.jpg\" alt=\"\" width=\"240\" height=\"180\" srcset=\"https:\/\/primariarovinari.ro\/old\/wp-content\/uploads\/2010\/04\/P1030498-300x225.jpg 300w, https:\/\/primariarovinari.ro\/old\/wp-content\/uploads\/2010\/04\/P1030498-1024x768.jpg 1024w\" sizes=\"auto, (max-width: 240px) 100vw, 240px\" \/><\/a>Prim\u0103ria ora\u015fului Rovinari invit\u0103 cet\u0103\u0163enii interesa\u0163i s\u0103 participe la dezbaterea public\u0103 a <em>Programului integrat de gestionare a calit\u0103\u0163ii aerului, pentru zonele Rovinari pentru indicatorii dioxid de sulf (SO2) \u015fi pulberi \u00een suspensie (PM 10), Tg-Jiu pentru indicatorul pulberi \u00een suspensie (PM 10) \u015fi Turceni pentru indicatorul dioxid de sulf (SO2)<\/em>, ce va avea loc mar\u0163i 13 aprilie 2010, cu \u00eencepere de la orele 16.00 \u00een Sala de \u015eedin\u0163e a Consiliului Local Rovinari.<\/p>\n<p style=\"text-align: justify;\">Acest program va cuprinde m\u0103suri\/ac\u0163iuni, termene \u015fi responsabilit\u0103\u0163i, necesar a fi implementate \u00een perioada 2010-2013 \u00een cele trei localit\u0103\u0163i, \u00een vederea \u00eencadr\u0103rii valorilor de emisie la indicatorii de sulf \u015fi pulberi \u00een suspensie sub valorile limit\u0103 reglementate de normele \u00een vigoare.<\/p>\n<p style=\"text-align: justify;\"><!--more--><a href=\"http:\/\/www.primariarovinari.ro\/wp-content\/uploads\/2010\/04\/Dezbatere_Mediu.jpg\"><img loading=\"lazy\" decoding=\"async\" class=\"alignleft size-medium wp-image-1087\" title=\"Dezbatere public\u0103\" src=\"http:\/\/www.primariarovinari.ro\/wp-content\/uploads\/2010\/04\/Dezbatere_Mediu-210x300.jpg\" alt=\"\" width=\"210\" height=\"300\" srcset=\"https:\/\/primariarovinari.ro\/old\/wp-content\/uploads\/2010\/04\/Dezbatere_Mediu-210x300.jpg 210w, https:\/\/primariarovinari.ro\/old\/wp-content\/uploads\/2010\/04\/Dezbatere_Mediu.jpg 540w\" sizes=\"auto, (max-width: 210px) 100vw, 210px\" \/><\/a>\u00cen conformitate cu legisla\u0163ia \u00een vigoare, respectiv H.G. nr.543\/2004 privind elaborarea \u015fi punerea \u00een aplicare a planurilor \u015fi programelor de gestionare a calit\u0103\u0163ii aerului \u015fi O.M. nr.35\/2007 privind aprobarea Metodologiei de elaborare \u015fi punere \u00een aplicare a planurilor \u015fi programelor de gestionare a calit\u0103\u0163ii aerului, se impune aprobarea documentului elaborat prin Hot\u0103r\u00e2re de Consiliu Jude\u0163ean. Anterior, \u00een baza H.G. 564\/2006 privind cadrul de realizare a particip\u0103rii publicului la anumite planuri \u015fi programe de mediu, se realizeaz\u0103 consultarea publicului privind propunerea de program, \u00een cadrul unor dezbateri publice.<\/p>\n<p style=\"text-align: justify;\">Ora\u015ful Rovinari este printre cele mai poluate ora\u015fe din jude\u0163ul Gorj, fiind poluat at\u00e2t cu dioxid de sulf c\u00e2t \u015fi cu pulberi \u00een suspensie. Problema calit\u0103\u0163ii aerului este una din problemele cele mai des ridicate de cet\u0103\u0163enii ora\u015fului Rovinari.<\/p>\n<p style=\"text-align: justify;\"><em>Primarul ora\u015fului Rovinari recomand\u0103 cet\u0103\u0163enilor s\u0103 fie prezen\u0163i la aceast\u0103 \u015fedin\u0163\u0103,la \u00eent\u00e2lnirea cu membrii Comisiei Tehnice, pentru c\u0103 de aceast\u0103 \u00eent\u00e2lnire va depinde calitatea aerului din ora\u015ful \u00een care tr\u0103im, noi, p\u0103rin\u0163ii \u015fi copiii no\u015ftri.<\/em><\/p>\n","protected":false},"excerpt":{"rendered":"<p>Prim\u0103ria ora\u015fului Rovinari invit\u0103 cet\u0103\u0163enii interesa\u0163i s\u0103 participe la dezbaterea public\u0103 a Programului integrat de gestionare a calit\u0103\u0163ii aerului, pentru zonele Rovinari pentru indicatorii dioxid de sulf (SO2) \u015fi pulberi \u00een suspensie (PM 10), Tg-Jiu pentru indicatorul pulberi \u00een suspensie (PM 10) \u015fi Turceni pentru indicatorul dioxid de sulf (SO2), ce va avea loc mar\u0163i [&hellip;]<\/p>\n","protected":false},"author":1001008,"featured_media":0,"comment_status":"open","ping_status":"open","sticky":false,"template":"","format":"standard","meta":{"ngg_post_thumbnail":0,"footnotes":""},"categories":[9],"tags":[156,72,158,157,159],"class_list":["post-1073","post","type-post","status-publish","format-standard","hentry","category-anunturi","tag-calitatea-aerului","tag-dezbatere-publica","tag-dioxid-de-sulf","tag-mediu","tag-pulberi-in-suspensie"],"_links":{"self":[{"href":"https:\/\/primariarovinari.ro\/old\/wp-json\/wp\/v2\/posts\/1073","targetHints":{"allow":["GET"]}}],"collection":[{"href":"https:\/\/primariarovinari.ro\/old\/wp-json\/wp\/v2\/posts"}],"about":[{"href":"https:\/\/primariarovinari.ro\/old\/wp-json\/wp\/v2\/types\/post"}],"author":[{"embeddable":true,"href":"https:\/\/primariarovinari.ro\/old\/wp-json\/wp\/v2\/users\/1001008"}],"replies":[{"embeddable":true,"href":"https:\/\/primariarovinari.ro\/old\/wp-json\/wp\/v2\/comments?post=1073"}],"version-history":[{"count":0,"href":"https:\/\/primariarovinari.ro\/old\/wp-json\/wp\/v2\/posts\/1073\/revisions"}],"wp:attachment":[{"href":"https:\/\/primariarovinari.ro\/old\/wp-json\/wp\/v2\/media?parent=1073"}],"wp:term":[{"taxonomy":"category","embeddable":true,"href":"https:\/\/primariarovinari.ro\/old\/wp-json\/wp\/v2\/categories?post=1073"},{"taxonomy":"post_tag","embeddable":true,"href":"https:\/\/primariarovinari.ro\/old\/wp-json\/wp\/v2\/tags?post=1073"}],"curies":[{"name":"wp","href":"https:\/\/api.w.org\/{rel}","templated":true}]}}