{"id":10358,"date":"2016-12-20T14:36:36","date_gmt":"2016-12-20T12:36:36","guid":{"rendered":"http:\/\/www.primariarovinari.ro\/?p=10358"},"modified":"2016-12-20T14:36:58","modified_gmt":"2016-12-20T12:36:58","slug":"magia-sarbatorilor-de-iarna","status":"publish","type":"post","link":"https:\/\/primariarovinari.ro\/old\/2016\/12\/magia-sarbatorilor-de-iarna\/","title":{"rendered":"MAGIA  S\u0102RB\u0102TORILOR DE IARN\u0102"},"content":{"rendered":"<p><a href=\"http:\/\/www.primariarovinari.ro\/wp-content\/uploads\/2016\/12\/liceu.png\"><img loading=\"lazy\" decoding=\"async\" class=\"alignnone wp-image-10359\" src=\"http:\/\/www.primariarovinari.ro\/wp-content\/uploads\/2016\/12\/liceu-300x165.png\" alt=\"liceu\" width=\"600\" height=\"330\" srcset=\"https:\/\/primariarovinari.ro\/old\/wp-content\/uploads\/2016\/12\/liceu-300x165.png 300w, https:\/\/primariarovinari.ro\/old\/wp-content\/uploads\/2016\/12\/liceu.png 624w\" sizes=\"auto, (max-width: 600px) 100vw, 600px\" \/><\/a><br \/>\n&nbsp; &nbsp; &nbsp; &nbsp;<br \/>\n&nbsp; &nbsp; &nbsp; Deja exist\u0103 o tradi\u0163ie \u00eenc\u0103 din&nbsp;anul 2007&nbsp;la Colegiul \u201eGheorghe T\u0103t\u0103rescu\u201d Rovinari ca luna decembrie s\u0103 aduc\u0103 bucurii \u00een sufletele copiilor de la Centrul \u015ecolar de Educa\u0163ie Incluziv\u0103 ,Targu-Jiu.Miercuri ,15 decembrie 2016, \u00een cadrul Strategiei Na\u0163ionale de Ac\u0163iune Comunitar\u0103 (SNAC), a&nbsp; fost organizat\u0103 o activitate educativ\u0103 de c\u0103tre elevii &nbsp;\u015fi profesorii voluntari ai&nbsp; &nbsp;Colegiului \u201eGheorghe T\u0103t\u0103rescu\u201d Rovinari,&nbsp; coordonati de d-na profesor Gridan Maria, activitate dedicat\u0103 copiilor cu cerin\u0163e educative speciale de la Centrul \u015ecolar de Educa\u0163ie Incluziv\u0103 Tg-Jiu. Activitatea desf\u0103\u015furat\u0103 cu ocazia s\u0103rb\u0103torilor de iarn\u0103 a constat \u00een prezentarea unui program artistic specific acestei perioade &nbsp;\u015fi oferirea de cadouri.Echipa de voluntari este formata din: F\u00e2r\u0163\u0103 Dumitru, Patrulescu Corina ,Popescu Mirabela,Ro\u015fca Valeria, \u0162\u00eerc\u0103 Mihaela, Peptan Daniela,V\u0103t\u0103u Roxana,B\u0103nete Maria,Iacob Lacramioara,Guia Roxana,\u0162ogoe Grigore,Ungureanu Adina,Vartosu Georgiana,Ionescu Maria , Chean\u0103 Anca, Olaru Adina,Pusdrea Mariana,Iliescu \u015etefania,Chiru Adina,Tilvescu Cristian,Gheorghe Cornelia,Andri\u0163oiu Nicoleta, Stamatoiu Oana. Prin aceasta activitate au fost evidentiate sentimentele de prietenie fata de copiii cu cerinte educative speciale.<\/p>\n<p><a href=\"http:\/\/www.primariarovinari.ro\/wp-content\/uploads\/2016\/12\/liceu1.png\"><img loading=\"lazy\" decoding=\"async\" class=\"alignnone wp-image-10360\" src=\"http:\/\/www.primariarovinari.ro\/wp-content\/uploads\/2016\/12\/liceu1-175x300.png\" alt=\"liceu1\" width=\"260\" height=\"445\" srcset=\"https:\/\/primariarovinari.ro\/old\/wp-content\/uploads\/2016\/12\/liceu1-175x300.png 175w, https:\/\/primariarovinari.ro\/old\/wp-content\/uploads\/2016\/12\/liceu1.png 528w\" sizes=\"auto, (max-width: 260px) 100vw, 260px\" \/><\/a>&nbsp; &nbsp; &nbsp; &nbsp;&nbsp; &nbsp; &nbsp; &nbsp;<a href=\"http:\/\/www.primariarovinari.ro\/wp-content\/uploads\/2016\/12\/liceu-2.png\"><img loading=\"lazy\" decoding=\"async\" class=\"alignnone wp-image-10361\" src=\"http:\/\/www.primariarovinari.ro\/wp-content\/uploads\/2016\/12\/liceu-2-175x300.png\" alt=\"liceu-2\" width=\"260\" height=\"445\" srcset=\"https:\/\/primariarovinari.ro\/old\/wp-content\/uploads\/2016\/12\/liceu-2-175x300.png 175w, https:\/\/primariarovinari.ro\/old\/wp-content\/uploads\/2016\/12\/liceu-2.png 528w\" sizes=\"auto, (max-width: 260px) 100vw, 260px\" \/><\/a><\/p>\n","protected":false},"excerpt":{"rendered":"<p>&nbsp; &nbsp; &nbsp; &nbsp; &nbsp; &nbsp; &nbsp; Deja exist\u0103 o tradi\u0163ie \u00eenc\u0103 din&nbsp;anul 2007&nbsp;la Colegiul \u201eGheorghe T\u0103t\u0103rescu\u201d Rovinari ca luna decembrie s\u0103 aduc\u0103 bucurii \u00een sufletele copiilor de la Centrul \u015ecolar de Educa\u0163ie Incluziv\u0103 ,Targu-Jiu.Miercuri ,15 decembrie 2016, \u00een cadrul Strategiei Na\u0163ionale de Ac\u0163iune Comunitar\u0103 (SNAC), a&nbsp; fost organizat\u0103 o activitate educativ\u0103 de c\u0103tre elevii [&hellip;]<\/p>\n","protected":false},"author":1001008,"featured_media":0,"comment_status":"open","ping_status":"open","sticky":false,"template":"","format":"standard","meta":{"ngg_post_thumbnail":0,"footnotes":""},"categories":[13],"tags":[],"class_list":["post-10358","post","type-post","status-publish","format-standard","hentry","category-invatamant"],"_links":{"self":[{"href":"https:\/\/primariarovinari.ro\/old\/wp-json\/wp\/v2\/posts\/10358","targetHints":{"allow":["GET"]}}],"collection":[{"href":"https:\/\/primariarovinari.ro\/old\/wp-json\/wp\/v2\/posts"}],"about":[{"href":"https:\/\/primariarovinari.ro\/old\/wp-json\/wp\/v2\/types\/post"}],"author":[{"embeddable":true,"href":"https:\/\/primariarovinari.ro\/old\/wp-json\/wp\/v2\/users\/1001008"}],"replies":[{"embeddable":true,"href":"https:\/\/primariarovinari.ro\/old\/wp-json\/wp\/v2\/comments?post=10358"}],"version-history":[{"count":0,"href":"https:\/\/primariarovinari.ro\/old\/wp-json\/wp\/v2\/posts\/10358\/revisions"}],"wp:attachment":[{"href":"https:\/\/primariarovinari.ro\/old\/wp-json\/wp\/v2\/media?parent=10358"}],"wp:term":[{"taxonomy":"category","embeddable":true,"href":"https:\/\/primariarovinari.ro\/old\/wp-json\/wp\/v2\/categories?post=10358"},{"taxonomy":"post_tag","embeddable":true,"href":"https:\/\/primariarovinari.ro\/old\/wp-json\/wp\/v2\/tags?post=10358"}],"curies":[{"name":"wp","href":"https:\/\/api.w.org\/{rel}","templated":true}]}}