{"id":10321,"date":"2016-11-29T20:24:28","date_gmt":"2016-11-29T18:24:28","guid":{"rendered":"http:\/\/www.primariarovinari.ro\/?p=10321"},"modified":"2016-11-29T20:26:38","modified_gmt":"2016-11-29T18:26:38","slug":"pornirea-iluminatului-festiv-miercuri-30-noiembrie-2016","status":"publish","type":"post","link":"https:\/\/primariarovinari.ro\/old\/2016\/11\/pornirea-iluminatului-festiv-miercuri-30-noiembrie-2016\/","title":{"rendered":"Pornirea iluminatului festiv, miercuri, 30 noiembrie 2016"},"content":{"rendered":"<p><a href=\"http:\/\/www.primariarovinari.ro\/wp-content\/uploads\/2016\/11\/iluminatfestiv.jpg\"><img loading=\"lazy\" decoding=\"async\" class=\"alignnone wp-image-10322\" src=\"http:\/\/www.primariarovinari.ro\/wp-content\/uploads\/2016\/11\/iluminatfestiv-300x125.jpg\" alt=\"iluminatfestiv\" height=\"250\" width=\"600\" srcset=\"https:\/\/primariarovinari.ro\/old\/wp-content\/uploads\/2016\/11\/iluminatfestiv-300x125.jpg 300w, https:\/\/primariarovinari.ro\/old\/wp-content\/uploads\/2016\/11\/iluminatfestiv-768x320.jpg 768w, https:\/\/primariarovinari.ro\/old\/wp-content\/uploads\/2016\/11\/iluminatfestiv-1024x426.jpg 1024w, https:\/\/primariarovinari.ro\/old\/wp-content\/uploads\/2016\/11\/iluminatfestiv.jpg 1136w\" sizes=\"auto, (max-width: 600px) 100vw, 600px\" \/><\/a><br \/>\n&nbsp;&nbsp;&nbsp; <strong>M\u00e2ine, 30 noiembrie, \u00eencep\u00e2nd cu orele 17:30, Prim\u0103ria si Consiliul Local Rovinari<\/strong> va invit\u0103 pe platoul Casei de Cultur\u0103 s\u0103 lua\u021bi parte la spectacolul de inaugurare a iluminatului festiv.<br \/>\n&nbsp;&nbsp;&nbsp;&nbsp; Primarul ora\u0219ului Rovinari, Robert Dorin Filip, va aprinde lumini\u021bele de s\u0103rb\u0103toare in ora\u0219ul nostru.<br \/>\n&nbsp;&nbsp; &nbsp; In cadrul spectacolului vom putea asculta si colinde traditionale.<\/p>\n","protected":false},"excerpt":{"rendered":"<p>&nbsp;&nbsp;&nbsp; M\u00e2ine, 30 noiembrie, \u00eencep\u00e2nd cu orele 17:30, Prim\u0103ria si Consiliul Local Rovinari va invit\u0103 pe platoul Casei de Cultur\u0103 s\u0103 lua\u021bi parte la spectacolul de inaugurare a iluminatului festiv. &nbsp;&nbsp;&nbsp;&nbsp; Primarul ora\u0219ului Rovinari, Robert Dorin Filip, va aprinde lumini\u021bele de s\u0103rb\u0103toare in ora\u0219ul nostru. &nbsp;&nbsp; &nbsp; In cadrul spectacolului vom putea asculta si colinde [&hellip;]<\/p>\n","protected":false},"author":1001008,"featured_media":0,"comment_status":"open","ping_status":"open","sticky":false,"template":"","format":"standard","meta":{"ngg_post_thumbnail":0,"footnotes":""},"categories":[9],"tags":[],"class_list":["post-10321","post","type-post","status-publish","format-standard","hentry","category-anunturi"],"_links":{"self":[{"href":"https:\/\/primariarovinari.ro\/old\/wp-json\/wp\/v2\/posts\/10321","targetHints":{"allow":["GET"]}}],"collection":[{"href":"https:\/\/primariarovinari.ro\/old\/wp-json\/wp\/v2\/posts"}],"about":[{"href":"https:\/\/primariarovinari.ro\/old\/wp-json\/wp\/v2\/types\/post"}],"author":[{"embeddable":true,"href":"https:\/\/primariarovinari.ro\/old\/wp-json\/wp\/v2\/users\/1001008"}],"replies":[{"embeddable":true,"href":"https:\/\/primariarovinari.ro\/old\/wp-json\/wp\/v2\/comments?post=10321"}],"version-history":[{"count":0,"href":"https:\/\/primariarovinari.ro\/old\/wp-json\/wp\/v2\/posts\/10321\/revisions"}],"wp:attachment":[{"href":"https:\/\/primariarovinari.ro\/old\/wp-json\/wp\/v2\/media?parent=10321"}],"wp:term":[{"taxonomy":"category","embeddable":true,"href":"https:\/\/primariarovinari.ro\/old\/wp-json\/wp\/v2\/categories?post=10321"},{"taxonomy":"post_tag","embeddable":true,"href":"https:\/\/primariarovinari.ro\/old\/wp-json\/wp\/v2\/tags?post=10321"}],"curies":[{"name":"wp","href":"https:\/\/api.w.org\/{rel}","templated":true}]}}